{"id":909,"date":"2021-02-22T08:12:28","date_gmt":"2021-02-22T08:12:28","guid":{"rendered":"https:\/\/www.zappyrent.com\/?p=909"},"modified":"2021-03-19T13:29:03","modified_gmt":"2021-03-19T13:29:03","slug":"blocco-sfratti-2021-proroga-scadenza-e-cosa-comporta","status":"publish","type":"post","link":"https:\/\/www.zappyrent.com\/it\/blog\/blocco-sfratti-2021-proroga-scadenza-e-cosa-comporta\/","title":{"rendered":"Blocco sfratti Covid: proroga a giugno 2021 confermata dal decreto Milleproroghe"},"content":{"rendered":"<p>Cosa succede nel 2021 se \u00e8 necessario mandare via un inquilino dal proprio immobile affittato? <strong>A causa del Covid-19<\/strong> <strong>il Governo ha imposto da marzo 2020 il blocco sugli sfratti<\/strong> <strong>e con il decreto Milleproroghe il blocco \u00e8 reso valido almeno fino a giugno 2021<\/strong>.<\/p>\n<p>Di recente <strong>Mario Draghi e il suo esecutivo hanno convenuto a inserire nuovi requisiti<\/strong> che determinano l&#8217;effettiva proroga del blocco sfratti. Tuttavia il blocco degli sfratti \u00e8 stato prorogato a giugno 2021 sia per gli immobili a uso abitativo che per gli immobili a uso non abitativo.<\/p>\n<p>Scopriamo insieme cosa prevede la legge a riguardo.<\/p>\n<h2>Cos&#8217;\u00e8 il blocco degli sfratti e come funziona<\/h2>\n<p>Prima di definire con precisione cos\u2019\u00e8 il <b>blocco degli sfratti<\/b> \u00e8 bene comprendere la natura del provvedimento. Se sei alle prime esperienze con l\u2019affitto, allora, \u00e8 possibile che non sia mai stato necessario ritrovarsi a prendere questo genere di decisione.<\/p>\n<p><strong>Lo <a href=\"https:\/\/www.zappyrent.com\/it\/blog\/sfratto-per-morosita-come-funziona-la-procedura\">sfratto<\/a> \u00e8 un procedimento giudiziale con cui il locatore<\/strong>, in altre parole, il proprietario di una casa o di un&nbsp; locale commerciale, <strong>ottiene il rilascio dell\u2019immobile affittato<\/strong>. Si tratta di una procedura da avviare quando l&#8217;<a href=\"https:\/\/www.zappyrent.com\/it\/blog\/inquilino-moroso-come-tutelarsi-da-chi-non-paga-laffitto\"><strong>inquilino diventa moroso<\/strong><\/a> ed \u00e8 inadempiente verso gli obblighi sottoscritti in contratto, pertanto si trova a non pagare il regolare canone di locazione, oppure, pone in essere situazioni non gestibili o contrarie alla legge.<\/p>\n<p>Lo sfratto \u00e8 un\u2019arma che il locatore ha sempre a sua disposizione ma in questo periodo storico, gli inquilini non sempre riescono a fronteggiare le perdite economiche dovute alla pandemia. Per tale ragione diventare morosi non \u00e8 pi\u00f9 una circostanza eccezionale ma, al contrario, \u00e8 quasi la normalit\u00e0.<\/p>\n<p>Per tale motivo il Governo ha voluto soccorrere le categorie in difficolt\u00e0, in questo caso, gli inquilini, ponendo in essere misure drastiche ma necessarie. Infatti <strong>con il Decreto Milleproroghe si dispone una sospensione per l\u2019ingiunzione di sfratto dovuta al Coronavirus<\/strong>. Ma in cosa consiste il blocco sfratti Covid?<\/p>\n<p>Il <b>blocco degli sfratti 2021<\/b> <strong>consiste nella sospensione di tutti i provvedimenti esecutivi volti a garantire il rilascio dell\u2019immobile<\/strong> destinato o meno all\u2019uso abitativo per dare a tutti la possibilit\u00e0 di mantenere la propria casa. Il divieto \u00e8 valido solo sugli immobili che si trovano nel territorio nazionale e <strong>la scadenza<\/strong> non \u00e8 a lungo termine: corrisponde <strong>al 30 giugno 2021<\/strong>.<\/p>\n<p>Anche <strong>per quanto riguarda i locali commerciali su cui \u00e8 stata avviata la procedura di sfratto <\/strong>la proroga del blocco verr\u00e0 mantenuta a giugno 2021.<\/p>\n<h2>Quando \u00e8 partito il blocco e con che scopo<\/h2>\n<p>Il blocco degli sfratti non \u00e8 una materia inserita solo nella nuova Legge di Bilancio ma, al contrario, trova la sua prima applicazione gi\u00e0 da marzo 2020, quando il mondo si apprestava a conoscere il Coronavirus.<\/p>\n<p><strong>Il primo provvedimento veniva applicato ampiamente a tutti i provvedimenti di rilascio<\/strong>, non tenendo conto dei motivi, degli immobili in questione ma non solo, non veniva fatta differenza tra stabili residenziali, alberghieri o commerciali. Tale questione ha generato molta confusione ma anche un grosso stallo per i proprietari che avevano a che fare con inquilini morosi. Cosa \u00e8 cambiato con il tempo?<\/p>\n<p>Dal momento che il <b>blocco degli sfratti<\/b><strong> \u00e8 stato mantenuto<\/strong> a causa del prolungarsi dello stato di emergenza e dei contagi, si \u00e8 ritenuto necessario rivedere alcuni tratti della materia e renderli pi\u00f9 affini alle condizioni attuali in cui versa il Paese.<\/p>\n<h2>La proroga del blocco nel 2021<\/h2>\n<p>La condizione attuale dell&#8217;Italia e degli italiani non \u00e8 migliorata con il passare dei mesi e <strong>si \u00e8 ritenuta necessaria una proroga del blocco sfratti per il 2021<\/strong>. Quindi dal 1 gennaio si sospendono tutti i provvedimenti esecutivi ci sono, per\u00f2, delle eccezioni.<\/p>\n<p>Il divieto viene mantenuto quando:<\/p>\n<ul>\n<li style=\"list-style-type: none;\">\n<ul>\n<li>non si paga il canone alla scadenza;<\/li>\n<\/ul>\n<\/li>\n<\/ul>\n<ul>\n<li style=\"list-style-type: none;\">\n<ul>\n<li>si adotta il decreto di trasferimento di immobile pignorato dal debitore alla sua famiglia, se abitato.<\/li>\n<\/ul>\n<\/li>\n<\/ul>\n<p>Si escludono, invece, altre situazioni che vanno incontro al proprietario dell\u2019immobile, per cui <strong>non \u00e8 in vigore il blocco degli sfratti nei seguenti casi<\/strong>:<\/p>\n<ul>\n<li style=\"list-style-type: none;\">\n<ul>\n<li>per finita locazione;<\/li>\n<\/ul>\n<\/li>\n<\/ul>\n<ul>\n<li style=\"list-style-type: none;\">\n<ul>\n<li>se l&#8217;inquilino non ha titoli efficaci o validi;<\/li>\n<\/ul>\n<\/li>\n<\/ul>\n<ul>\n<li style=\"list-style-type: none;\">\n<ul>\n<li>quando c\u2019\u00e8 un\u2019ingiunzione di rilascio dell\u2019immobile al nuovo aggiudicatario, a patto che non sia adibito ad abitazione del debitore o di familiari a lui correlati.<\/li>\n<\/ul>\n<\/li>\n<\/ul>\n<p>Inoltre, il Governo, nella Legge di Bilancio 2021, ha rifinanziato il <b>Fondo destinato agli inquilini morosi incolpevoli<\/b>. La cifra, attualmente stanziata, corrisponde a 50 milioni di euro. Ci\u00f2 si \u00e8 ritenuto necessario perch\u00e9 vi sono casi in cui l\u2019inquilino moroso perde il proprio posto di lavoro. Ecco quali situazioni si tutelano:<\/p>\n<ul>\n<li style=\"list-style-type: none;\">\n<ul>\n<li>Il licenziamento avviene senza colpa del locatario;<\/li>\n<\/ul>\n<\/li>\n<\/ul>\n<ul>\n<li style=\"list-style-type: none;\">\n<ul>\n<li>L\u2019orario si riduce per effetto di un accordo sindacale;<\/li>\n<\/ul>\n<\/li>\n<\/ul>\n<ul>\n<li style=\"list-style-type: none;\">\n<ul>\n<li>Si viene collocati in cassa integrazione;<\/li>\n<\/ul>\n<\/li>\n<\/ul>\n<ul>\n<li style=\"list-style-type: none;\">\n<ul>\n<li>Vi \u00e8 la cessazione del contratto a tempo determinato;<\/li>\n<\/ul>\n<\/li>\n<\/ul>\n<ul>\n<li style=\"list-style-type: none;\">\n<ul>\n<li>Per cause di forza maggiore il lavoro viene stoppato. Vedi il caso dei ristoratori, proprietari di palestre o stabilimenti sportivi;<\/li>\n<\/ul>\n<\/li>\n<\/ul>\n<ul>\n<li style=\"list-style-type: none;\">\n<ul>\n<li>Ci sono casi di malattia o di infortunio grave del titolare del contratto o di un suo congiunto. Se ci\u00f2 provoca una riduzione delle entrate complessive \u00e8 possibile ricorrere al Fondo citato in precedenza.<\/li>\n<\/ul>\n<\/li>\n<\/ul>\n<ul>\n<li style=\"list-style-type: none;\">&nbsp;<\/li>\n<\/ul>\n<h2>Cosa comporta il blocco degli sfratti per il mondo dell&#8217;affitto?<\/h2>\n<p>Il<b> blocco degli sfratti dovuto al Covid<\/b> <strong>ha provocato un dibattito non proprio semplice da gestire<\/strong>. Se, da una parte, c&#8217;\u00e8 un vantaggio per i conduttori, dall\u2019altra, invece, i proprietari di casa si sentono trascurati dalle istituzioni: chi possiede un immobile in affitto non ha avuto accesso a ristori economici successivi al <b>blocco degli sfratti tra il 2020 e il 2021<\/b>. Inoltre, le <strong><a href=\"https:\/\/www.zappyrent.com\/it\/blog\/quali-sono-le-tasse-sullaffitto-la-nostra-guida\">tasse sugli affitti<\/a><\/strong> non sono state sospese, per cui ci si trova ancora a pagare l\u2019<a href=\"https:\/\/www.zappyrent.com\/it\/blog\/imu-e-seconda-casa-affittata-come-si-calcola-e-chi-paga\"><strong>Imu<\/strong><\/a> e altre imposte correlate alle case di propriet\u00e0 date in affitto.<\/p>\n<p>Il governo Draghi ha cercato di rispondere a queste esigenze proponendo delle specifiche riguardo il decreto Milleproroghe.<\/p>\n<p>Ovviamente rimangono le preoccupazioni per il futuro e su cosa succeder\u00e0 dopo la fine della <b>proroga del blocco sfratti<\/b> e con l&#8217;imminente sblocco dei licenziamenti. A questa situazione non \u00e8 stata data ancora una risposta esauriente dal Governo in carica.<\/p>\n<h2>Con Zappyrent il blocco degli sfratti non \u00e8 una minaccia!<\/h2>\n<p>Se la pandemia ha messo alla prova le tue risorse economiche e vuoi fronteggiare il <b>blocco degli sfratti per morosit\u00e0 dell\u2019inquilino<\/b> devi sapere come proteggerti.<\/p>\n<p>Noi di <b>Zappyrent<\/b> abbiamo la risposta ai tuoi problemi. Se hai deciso di affittare la tua casa ma hai paura delle ripercussioni economiche che un ritardo di pagamento pu\u00f2 generarti, allora, stipula la nostra <b><a href=\"https:\/\/www.zappyrent.com\/it\/protezione-zappyrent\">assicurazione sull&#8217;affitto<\/a>!<\/b><\/p>\n<p>Il prodotto che abbiamo messo a punto ti permette di ottenere sempre il canone concordato con l&#8217;inquilino, qualunque cosa accada, direttamente sul tuo conto corrente. Ci\u00f2 significa maggiore tranquillit\u00e0 nelle locazioni, soprattutto, quando la pandemia mette alla prova il portafoglio di tutti noi.<\/p>\n<p>Grazie a <strong>Protezione<\/strong><b>&nbsp;Zappyrent<\/b> non dovrai pi\u00f9 preoccuparti di chiedere le motivazioni del mancato pagamento o insistere sull&#8217;argomento: scegliendo dei professionisti sul campo avrai a che fare sempre con inquilini ben referenziati e selezionati.<\/p>\n\n<br \/>Widget not in any sidebars<br \/>\n\n\n\n<p>Ma la vera rivoluzione di questa assicurazione sull&#8217;affitto \u00e8 che <strong>non perderai mai pi\u00f9 neanche un solo centesimo<\/strong> derivante dalla tua rendita. Infatti ogni 12 del mese, qualunque cosa accada, riceverai l&#8217;accredito dell&#8217;affitto direttamente sul tuo conto corrente.<\/p>\n\n\n\n<p>E cosa succede se, dopo il 30 giugno 2021, volessi cessare il contratto per morosit\u00e0 dell&#8217;inquilino? Niente paura, anche in questo caso noi di <strong>Zappyrent<\/strong> verremo in tuo soccorso: l\u2019assicurazione ti permetter\u00e0 di avere assistenza legale in questo frangente e di gestire lo sfratto attraverso i nostri consulenti.<\/p>\n\n\n\n<p>Cosa aspetti ad affidarci il tuo immobile? Smetti di preoccuparti di trovare l&#8217;inquilino giusto e sempre solvibile, perch\u00e9 a tutto questo ci pensiamo noi!<\/p>\n\n\n<br \/>Widget not in any sidebars<br \/>\n","protected":false},"excerpt":{"rendered":"<p>Cosa succede nel 2021 se \u00e8 necessario mandare via un inquilino dal proprio immobile affittato?<\/p>\n","protected":false},"author":1,"featured_media":1075,"comment_status":"closed","ping_status":"closed","sticky":false,"template":"","format":"standard","meta":{"_yoast_wpseo_focuskw":"","_yoast_wpseo_title":"","_yoast_wpseo_metadesc":"","_mo_disable_npp":"","_uag_custom_page_level_css":"","_lmt_disableupdate":"no","_lmt_disable":"no","_mbp_gutenberg_autopost":false,"footnotes":""},"categories":[9],"tags":[],"class_list":["post-909","post","type-post","status-publish","format-standard","has-post-thumbnail","hentry","category-blog"],"yoast_head":"<!-- This site is optimized with the Yoast SEO plugin v23.4 - https:\/\/yoast.com\/wordpress\/plugins\/seo\/ -->\n<title>Blocco sfratti Covid: proroga a giugno 2021 confermata dal decreto Milleproroghe<\/title>\n<meta name=\"robots\" content=\"index, follow, max-snippet:-1, max-image-preview:large, max-video-preview:-1\" \/>\n<link rel=\"canonical\" href=\"https:\/\/www.zappyrent.com\/it\/blog\/blocco-sfratti-2021-proroga-scadenza-e-cosa-comporta\/\" \/>\n<meta property=\"og:locale\" content=\"it_IT\" \/>\n<meta property=\"og:type\" content=\"article\" \/>\n<meta property=\"og:title\" content=\"Blocco sfratti Covid: proroga a giugno 2021 confermata dal decreto Milleproroghe\" \/>\n<meta property=\"og:description\" content=\"Cosa succede nel 2021 se \u00e8 necessario mandare via un inquilino dal proprio immobile affittato?\" \/>\n<meta property=\"og:url\" content=\"https:\/\/www.zappyrent.com\/it\/blog\/blocco-sfratti-2021-proroga-scadenza-e-cosa-comporta\/\" \/>\n<meta property=\"article:publisher\" content=\"https:\/\/www.facebook.com\/Zappyrent\/\" \/>\n<meta property=\"article:published_time\" content=\"2021-02-22T08:12:28+00:00\" \/>\n<meta property=\"article:modified_time\" content=\"2021-03-19T13:29:03+00:00\" \/>\n<meta property=\"og:image\" content=\"https:\/\/www.zappyrent.com\/wp\/app\/uploads\/2021\/03\/blocco-sfratti.jpg\" \/>\n\t<meta property=\"og:image:width\" content=\"2322\" \/>\n\t<meta property=\"og:image:height\" content=\"1548\" \/>\n\t<meta property=\"og:image:type\" content=\"image\/jpeg\" \/>\n<meta name=\"author\" content=\"zappy\" \/>\n<meta name=\"twitter:card\" content=\"summary_large_image\" \/>\n<meta name=\"twitter:label1\" content=\"Written by\" \/>\n\t<meta name=\"twitter:data1\" content=\"zappy\" \/>\n\t<meta name=\"twitter:label2\" content=\"Est. reading time\" \/>\n\t<meta name=\"twitter:data2\" content=\"6 minuti\" \/>\n<script type=\"application\/ld+json\" class=\"yoast-schema-graph\">{\"@context\":\"https:\/\/schema.org\",\"@graph\":[{\"@type\":\"Article\",\"@id\":\"https:\/\/www.zappyrent.com\/it\/blog\/blocco-sfratti-2021-proroga-scadenza-e-cosa-comporta\/#article\",\"isPartOf\":{\"@id\":\"https:\/\/www.zappyrent.com\/it\/blog\/blocco-sfratti-2021-proroga-scadenza-e-cosa-comporta\/\"},\"author\":{\"name\":\"zappy\",\"@id\":\"https:\/\/www.zappyrent.com\/it\/#\/schema\/person\/ef9b4a6820a221db6f7bc0e93478badb\"},\"headline\":\"Blocco sfratti Covid: proroga a giugno 2021 confermata dal decreto Milleproroghe\",\"datePublished\":\"2021-02-22T08:12:28+00:00\",\"dateModified\":\"2021-03-19T13:29:03+00:00\",\"mainEntityOfPage\":{\"@id\":\"https:\/\/www.zappyrent.com\/it\/blog\/blocco-sfratti-2021-proroga-scadenza-e-cosa-comporta\/\"},\"wordCount\":1234,\"publisher\":{\"@id\":\"https:\/\/www.zappyrent.com\/it\/#organization\"},\"image\":{\"@id\":\"https:\/\/www.zappyrent.com\/it\/blog\/blocco-sfratti-2021-proroga-scadenza-e-cosa-comporta\/#primaryimage\"},\"thumbnailUrl\":\"https:\/\/www.zappyrent.com\/wp\/app\/uploads\/2021\/03\/blocco-sfratti.jpg\",\"articleSection\":[\"Blog\"],\"inLanguage\":\"it-IT\"},{\"@type\":\"WebPage\",\"@id\":\"https:\/\/www.zappyrent.com\/it\/blog\/blocco-sfratti-2021-proroga-scadenza-e-cosa-comporta\/\",\"url\":\"https:\/\/www.zappyrent.com\/it\/blog\/blocco-sfratti-2021-proroga-scadenza-e-cosa-comporta\/\",\"name\":\"Blocco sfratti Covid: proroga a giugno 2021 confermata dal decreto Milleproroghe\",\"isPartOf\":{\"@id\":\"https:\/\/www.zappyrent.com\/it\/#website\"},\"primaryImageOfPage\":{\"@id\":\"https:\/\/www.zappyrent.com\/it\/blog\/blocco-sfratti-2021-proroga-scadenza-e-cosa-comporta\/#primaryimage\"},\"image\":{\"@id\":\"https:\/\/www.zappyrent.com\/it\/blog\/blocco-sfratti-2021-proroga-scadenza-e-cosa-comporta\/#primaryimage\"},\"thumbnailUrl\":\"https:\/\/www.zappyrent.com\/wp\/app\/uploads\/2021\/03\/blocco-sfratti.jpg\",\"datePublished\":\"2021-02-22T08:12:28+00:00\",\"dateModified\":\"2021-03-19T13:29:03+00:00\",\"breadcrumb\":{\"@id\":\"https:\/\/www.zappyrent.com\/it\/blog\/blocco-sfratti-2021-proroga-scadenza-e-cosa-comporta\/#breadcrumb\"},\"inLanguage\":\"it-IT\",\"potentialAction\":[{\"@type\":\"ReadAction\",\"target\":[\"https:\/\/www.zappyrent.com\/it\/blog\/blocco-sfratti-2021-proroga-scadenza-e-cosa-comporta\/\"]}]},{\"@type\":\"ImageObject\",\"inLanguage\":\"it-IT\",\"@id\":\"https:\/\/www.zappyrent.com\/it\/blog\/blocco-sfratti-2021-proroga-scadenza-e-cosa-comporta\/#primaryimage\",\"url\":\"https:\/\/www.zappyrent.com\/wp\/app\/uploads\/2021\/03\/blocco-sfratti.jpg\",\"contentUrl\":\"https:\/\/www.zappyrent.com\/wp\/app\/uploads\/2021\/03\/blocco-sfratti.jpg\",\"width\":2322,\"height\":1548,\"caption\":\"blocco sfratti\"},{\"@type\":\"BreadcrumbList\",\"@id\":\"https:\/\/www.zappyrent.com\/it\/blog\/blocco-sfratti-2021-proroga-scadenza-e-cosa-comporta\/#breadcrumb\",\"itemListElement\":[{\"@type\":\"ListItem\",\"position\":1,\"name\":\"Home\",\"item\":\"https:\/\/www.zappyrent.com\/it\/\"},{\"@type\":\"ListItem\",\"position\":2,\"name\":\"Blocco sfratti Covid: proroga a giugno 2021 confermata dal decreto Milleproroghe\"}]},{\"@type\":\"WebSite\",\"@id\":\"https:\/\/www.zappyrent.com\/it\/#website\",\"url\":\"https:\/\/www.zappyrent.com\/it\/\",\"name\":\"https:\/\/www.zappyrent.com\/it\/blog\/\",\"description\":\"\",\"publisher\":{\"@id\":\"https:\/\/www.zappyrent.com\/it\/#organization\"},\"potentialAction\":[{\"@type\":\"SearchAction\",\"target\":{\"@type\":\"EntryPoint\",\"urlTemplate\":\"https:\/\/www.zappyrent.com\/it\/?s={search_term_string}\"},\"query-input\":{\"@type\":\"PropertyValueSpecification\",\"valueRequired\":true,\"valueName\":\"search_term_string\"}}],\"inLanguage\":\"it-IT\"},{\"@type\":\"Organization\",\"@id\":\"https:\/\/www.zappyrent.com\/it\/#organization\",\"name\":\"Zappyrent\",\"url\":\"https:\/\/www.zappyrent.com\/it\/\",\"logo\":{\"@type\":\"ImageObject\",\"inLanguage\":\"it-IT\",\"@id\":\"https:\/\/www.zappyrent.com\/it\/#\/schema\/logo\/image\/\",\"url\":\"https:\/\/www.zappyrent.com\/wp\/app\/uploads\/2024\/05\/cropped-ZAPPYRENT-IL-BLOG-1.png\",\"contentUrl\":\"https:\/\/www.zappyrent.com\/wp\/app\/uploads\/2024\/05\/cropped-ZAPPYRENT-IL-BLOG-1.png\",\"width\":2808,\"height\":1022,\"caption\":\"Zappyrent\"},\"image\":{\"@id\":\"https:\/\/www.zappyrent.com\/it\/#\/schema\/logo\/image\/\"},\"sameAs\":[\"https:\/\/www.facebook.com\/Zappyrent\/\",\"https:\/\/www.instagram.com\/zappyrent\/\"]},{\"@type\":\"Person\",\"@id\":\"https:\/\/www.zappyrent.com\/it\/#\/schema\/person\/ef9b4a6820a221db6f7bc0e93478badb\",\"name\":\"zappy\",\"image\":{\"@type\":\"ImageObject\",\"inLanguage\":\"it-IT\",\"@id\":\"https:\/\/www.zappyrent.com\/it\/#\/schema\/person\/image\/\",\"url\":\"https:\/\/secure.gravatar.com\/avatar\/b710a10272aac055f788d5319a611f01?s=96&d=mm&r=g\",\"contentUrl\":\"https:\/\/secure.gravatar.com\/avatar\/b710a10272aac055f788d5319a611f01?s=96&d=mm&r=g\",\"caption\":\"zappy\"},\"url\":\"https:\/\/www.zappyrent.com\/it\/author\/zappy\/\"}]}<\/script>\n<!-- \/ Yoast SEO plugin. -->","yoast_head_json":{"title":"Blocco sfratti Covid: proroga a giugno 2021 confermata dal decreto Milleproroghe","robots":{"index":"index","follow":"follow","max-snippet":"max-snippet:-1","max-image-preview":"max-image-preview:large","max-video-preview":"max-video-preview:-1"},"canonical":"https:\/\/www.zappyrent.com\/it\/blog\/blocco-sfratti-2021-proroga-scadenza-e-cosa-comporta\/","og_locale":"it_IT","og_type":"article","og_title":"Blocco sfratti Covid: proroga a giugno 2021 confermata dal decreto Milleproroghe","og_description":"Cosa succede nel 2021 se \u00e8 necessario mandare via un inquilino dal proprio immobile affittato?","og_url":"https:\/\/www.zappyrent.com\/it\/blog\/blocco-sfratti-2021-proroga-scadenza-e-cosa-comporta\/","article_publisher":"https:\/\/www.facebook.com\/Zappyrent\/","article_published_time":"2021-02-22T08:12:28+00:00","article_modified_time":"2021-03-19T13:29:03+00:00","og_image":[{"width":2322,"height":1548,"url":"https:\/\/www.zappyrent.com\/wp\/app\/uploads\/2021\/03\/blocco-sfratti.jpg","type":"image\/jpeg"}],"author":"zappy","twitter_card":"summary_large_image","twitter_misc":{"Written by":"zappy","Est. reading time":"6 minuti"},"schema":{"@context":"https:\/\/schema.org","@graph":[{"@type":"Article","@id":"https:\/\/www.zappyrent.com\/it\/blog\/blocco-sfratti-2021-proroga-scadenza-e-cosa-comporta\/#article","isPartOf":{"@id":"https:\/\/www.zappyrent.com\/it\/blog\/blocco-sfratti-2021-proroga-scadenza-e-cosa-comporta\/"},"author":{"name":"zappy","@id":"https:\/\/www.zappyrent.com\/it\/#\/schema\/person\/ef9b4a6820a221db6f7bc0e93478badb"},"headline":"Blocco sfratti Covid: proroga a giugno 2021 confermata dal decreto Milleproroghe","datePublished":"2021-02-22T08:12:28+00:00","dateModified":"2021-03-19T13:29:03+00:00","mainEntityOfPage":{"@id":"https:\/\/www.zappyrent.com\/it\/blog\/blocco-sfratti-2021-proroga-scadenza-e-cosa-comporta\/"},"wordCount":1234,"publisher":{"@id":"https:\/\/www.zappyrent.com\/it\/#organization"},"image":{"@id":"https:\/\/www.zappyrent.com\/it\/blog\/blocco-sfratti-2021-proroga-scadenza-e-cosa-comporta\/#primaryimage"},"thumbnailUrl":"https:\/\/www.zappyrent.com\/wp\/app\/uploads\/2021\/03\/blocco-sfratti.jpg","articleSection":["Blog"],"inLanguage":"it-IT"},{"@type":"WebPage","@id":"https:\/\/www.zappyrent.com\/it\/blog\/blocco-sfratti-2021-proroga-scadenza-e-cosa-comporta\/","url":"https:\/\/www.zappyrent.com\/it\/blog\/blocco-sfratti-2021-proroga-scadenza-e-cosa-comporta\/","name":"Blocco sfratti Covid: proroga a giugno 2021 confermata dal decreto Milleproroghe","isPartOf":{"@id":"https:\/\/www.zappyrent.com\/it\/#website"},"primaryImageOfPage":{"@id":"https:\/\/www.zappyrent.com\/it\/blog\/blocco-sfratti-2021-proroga-scadenza-e-cosa-comporta\/#primaryimage"},"image":{"@id":"https:\/\/www.zappyrent.com\/it\/blog\/blocco-sfratti-2021-proroga-scadenza-e-cosa-comporta\/#primaryimage"},"thumbnailUrl":"https:\/\/www.zappyrent.com\/wp\/app\/uploads\/2021\/03\/blocco-sfratti.jpg","datePublished":"2021-02-22T08:12:28+00:00","dateModified":"2021-03-19T13:29:03+00:00","breadcrumb":{"@id":"https:\/\/www.zappyrent.com\/it\/blog\/blocco-sfratti-2021-proroga-scadenza-e-cosa-comporta\/#breadcrumb"},"inLanguage":"it-IT","potentialAction":[{"@type":"ReadAction","target":["https:\/\/www.zappyrent.com\/it\/blog\/blocco-sfratti-2021-proroga-scadenza-e-cosa-comporta\/"]}]},{"@type":"ImageObject","inLanguage":"it-IT","@id":"https:\/\/www.zappyrent.com\/it\/blog\/blocco-sfratti-2021-proroga-scadenza-e-cosa-comporta\/#primaryimage","url":"https:\/\/www.zappyrent.com\/wp\/app\/uploads\/2021\/03\/blocco-sfratti.jpg","contentUrl":"https:\/\/www.zappyrent.com\/wp\/app\/uploads\/2021\/03\/blocco-sfratti.jpg","width":2322,"height":1548,"caption":"blocco sfratti"},{"@type":"BreadcrumbList","@id":"https:\/\/www.zappyrent.com\/it\/blog\/blocco-sfratti-2021-proroga-scadenza-e-cosa-comporta\/#breadcrumb","itemListElement":[{"@type":"ListItem","position":1,"name":"Home","item":"https:\/\/www.zappyrent.com\/it\/"},{"@type":"ListItem","position":2,"name":"Blocco sfratti Covid: proroga a giugno 2021 confermata dal decreto Milleproroghe"}]},{"@type":"WebSite","@id":"https:\/\/www.zappyrent.com\/it\/#website","url":"https:\/\/www.zappyrent.com\/it\/","name":"https:\/\/www.zappyrent.com\/it\/blog\/","description":"","publisher":{"@id":"https:\/\/www.zappyrent.com\/it\/#organization"},"potentialAction":[{"@type":"SearchAction","target":{"@type":"EntryPoint","urlTemplate":"https:\/\/www.zappyrent.com\/it\/?s={search_term_string}"},"query-input":{"@type":"PropertyValueSpecification","valueRequired":true,"valueName":"search_term_string"}}],"inLanguage":"it-IT"},{"@type":"Organization","@id":"https:\/\/www.zappyrent.com\/it\/#organization","name":"Zappyrent","url":"https:\/\/www.zappyrent.com\/it\/","logo":{"@type":"ImageObject","inLanguage":"it-IT","@id":"https:\/\/www.zappyrent.com\/it\/#\/schema\/logo\/image\/","url":"https:\/\/www.zappyrent.com\/wp\/app\/uploads\/2024\/05\/cropped-ZAPPYRENT-IL-BLOG-1.png","contentUrl":"https:\/\/www.zappyrent.com\/wp\/app\/uploads\/2024\/05\/cropped-ZAPPYRENT-IL-BLOG-1.png","width":2808,"height":1022,"caption":"Zappyrent"},"image":{"@id":"https:\/\/www.zappyrent.com\/it\/#\/schema\/logo\/image\/"},"sameAs":["https:\/\/www.facebook.com\/Zappyrent\/","https:\/\/www.instagram.com\/zappyrent\/"]},{"@type":"Person","@id":"https:\/\/www.zappyrent.com\/it\/#\/schema\/person\/ef9b4a6820a221db6f7bc0e93478badb","name":"zappy","image":{"@type":"ImageObject","inLanguage":"it-IT","@id":"https:\/\/www.zappyrent.com\/it\/#\/schema\/person\/image\/","url":"https:\/\/secure.gravatar.com\/avatar\/b710a10272aac055f788d5319a611f01?s=96&d=mm&r=g","contentUrl":"https:\/\/secure.gravatar.com\/avatar\/b710a10272aac055f788d5319a611f01?s=96&d=mm&r=g","caption":"zappy"},"url":"https:\/\/www.zappyrent.com\/it\/author\/zappy\/"}]}},"modified_by":"zappy","uagb_featured_image_src":{"full":["https:\/\/www.zappyrent.com\/wp\/app\/uploads\/2021\/03\/blocco-sfratti.jpg",2322,1548,false],"thumbnail":["https:\/\/www.zappyrent.com\/wp\/app\/uploads\/2021\/03\/blocco-sfratti-150x150.jpg",150,150,true],"medium":["https:\/\/www.zappyrent.com\/wp\/app\/uploads\/2021\/03\/blocco-sfratti-600x400.jpg",600,400,true],"medium_large":["https:\/\/www.zappyrent.com\/wp\/app\/uploads\/2021\/03\/blocco-sfratti-768x512.jpg",640,427,true],"large":["https:\/\/www.zappyrent.com\/wp\/app\/uploads\/2021\/03\/blocco-sfratti-1200x800.jpg",640,427,true],"1536x1536":["https:\/\/www.zappyrent.com\/wp\/app\/uploads\/2021\/03\/blocco-sfratti-1536x1024.jpg",1536,1024,true],"2048x2048":["https:\/\/www.zappyrent.com\/wp\/app\/uploads\/2021\/03\/blocco-sfratti-2048x1365.jpg",2048,1365,true],"pgmb-post-image":["https:\/\/www.zappyrent.com\/wp\/app\/uploads\/2021\/03\/blocco-sfratti-1200x800.jpg",1200,800,true],"prefer-thumbnail-size":["https:\/\/www.zappyrent.com\/wp\/app\/uploads\/2021\/03\/blocco-sfratti-800x800.jpg",800,800,true],"prefer-related-size":["https:\/\/www.zappyrent.com\/wp\/app\/uploads\/2021\/03\/blocco-sfratti-600x400.jpg",600,400,true],"prefer-promo-post":["https:\/\/www.zappyrent.com\/wp\/app\/uploads\/2021\/03\/blocco-sfratti-800x500.jpg",800,500,true],"prefer-related-post-thumbnails":["https:\/\/www.zappyrent.com\/wp\/app\/uploads\/2021\/03\/blocco-sfratti-850x550.jpg",850,550,true],"mailpoet_newsletter_max":["https:\/\/www.zappyrent.com\/wp\/app\/uploads\/2021\/03\/blocco-sfratti.jpg",1320,880,false],"web-stories-poster-portrait":["https:\/\/www.zappyrent.com\/wp\/app\/uploads\/2021\/03\/blocco-sfratti-640x853.jpg",640,853,true],"web-stories-publisher-logo":["https:\/\/www.zappyrent.com\/wp\/app\/uploads\/2021\/03\/blocco-sfratti-96x96.jpg",96,96,true],"web-stories-thumbnail":["https:\/\/www.zappyrent.com\/wp\/app\/uploads\/2021\/03\/blocco-sfratti-150x100.jpg",150,100,true]},"uagb_author_info":{"display_name":"zappy","author_link":"https:\/\/www.zappyrent.com\/it\/author\/zappy\/"},"uagb_comment_info":0,"uagb_excerpt":"Cosa succede nel 2021 se \u00e8 necessario mandare via un inquilino dal proprio immobile affittato?","_links":{"self":[{"href":"https:\/\/www.zappyrent.com\/it\/wp-json\/wp\/v2\/posts\/909"}],"collection":[{"href":"https:\/\/www.zappyrent.com\/it\/wp-json\/wp\/v2\/posts"}],"about":[{"href":"https:\/\/www.zappyrent.com\/it\/wp-json\/wp\/v2\/types\/post"}],"author":[{"embeddable":true,"href":"https:\/\/www.zappyrent.com\/it\/wp-json\/wp\/v2\/users\/1"}],"replies":[{"embeddable":true,"href":"https:\/\/www.zappyrent.com\/it\/wp-json\/wp\/v2\/comments?post=909"}],"version-history":[{"count":11,"href":"https:\/\/www.zappyrent.com\/it\/wp-json\/wp\/v2\/posts\/909\/revisions"}],"predecessor-version":[{"id":1040,"href":"https:\/\/www.zappyrent.com\/it\/wp-json\/wp\/v2\/posts\/909\/revisions\/1040"}],"wp:featuredmedia":[{"embeddable":true,"href":"https:\/\/www.zappyrent.com\/it\/wp-json\/wp\/v2\/media\/1075"}],"wp:attachment":[{"href":"https:\/\/www.zappyrent.com\/it\/wp-json\/wp\/v2\/media?parent=909"}],"wp:term":[{"taxonomy":"category","embeddable":true,"href":"https:\/\/www.zappyrent.com\/it\/wp-json\/wp\/v2\/categories?post=909"},{"taxonomy":"post_tag","embeddable":true,"href":"https:\/\/www.zappyrent.com\/it\/wp-json\/wp\/v2\/tags?post=909"}],"curies":[{"name":"wp","href":"https:\/\/api.w.org\/{rel}","templated":true}]}}