{"id":5577,"date":"2024-07-17T21:26:15","date_gmt":"2024-07-17T19:26:15","guid":{"rendered":"https:\/\/www.zappyrent.com\/?p=5577"},"modified":"2024-07-17T21:26:15","modified_gmt":"2024-07-17T19:26:15","slug":"salva-casa-il-decreto-dice-si-alle-mini-abitazioni-nel-2024","status":"publish","type":"post","link":"https:\/\/www.zappyrent.com\/it\/blog\/salva-casa-il-decreto-dice-si-alle-mini-abitazioni-nel-2024\/","title":{"rendered":"Salva Casa: il Decreto dice s\u00ec alle Mini-Abitazioni nel 2024"},"content":{"rendered":"<h4><b>L&#8217;introduzione del Decreto Salva Casa ha scosso il mercato immobiliare italiano, portando con s\u00e9 una ventata di novit\u00e0 e opportunit\u00e0, soprattutto per quanto riguarda le mini-abitazioni. Questa legislazione innovativa mira a risolvere vari problemi abitativi, rendendo pi\u00f9 semplice e accessibile la creazione di piccoli appartamenti. Se sei un proprietario immobiliare o stai pensando di investire in immobili, questo articolo ti guider\u00e0 attraverso le principali novit\u00e0 del decreto, i nuovi requisiti di abitabilit\u00e0 e come potresti beneficiare di queste modifiche.<\/b><\/h4>\n<h2><b>Cos\u2019\u00e8 il Decreto Salva Casa<\/b><\/h2>\n<p><span style=\"font-weight: 400;\">Il <\/span><a href=\"https:\/\/tg24.sky.it\/economia\/2024\/07\/17\/decreto-salva-casa-2024-mini-abitazioni\"><b>Decreto Salva Casa<\/b><\/a><span style=\"font-weight: 400;\"> rappresenta una svolta significativa nel panorama legislativo italiano. Questo decreto mira a risolvere vari problemi abitativi, rendendo pi\u00f9 accessibile la creazione e la regolarizzazione di piccoli appartamenti. Tra le misure introdotte, ci sono emendamenti che consentono la costruzione di mini-abitazioni con altezze e superfici ridotte, la semplificazione delle normative per le pergole e altre strutture simili, nonch\u00e9 incentivi per la ristrutturazione di immobili preesistenti.<\/span><\/p>\n<h3><b>Salva Casa: Le motivazioni principali e i prossimi step<\/b><\/h3>\n<p><span style=\"font-weight: 400;\">Le motivazioni alla base del Decreto Salva Casa sono molteplici.<\/span><\/p>\n<p><span style=\"font-weight: 400;\">In primo luogo, vi \u00e8 la necessit\u00e0 di affrontare la <\/span><a href=\"https:\/\/www.zappyrent.com\/it\/blog\/mercato-degli-affitti-in-tilt-case-vuote\/\"><b>crisi abitativa<\/b><\/a><span style=\"font-weight: 400;\"> che affligge molte citt\u00e0 italiane. Le mini-abitazioni possono rappresentare una soluzione efficace per rispondere alla crescente <\/span><b>domanda di alloggi<\/b><span style=\"font-weight: 400;\"> a prezzi accessibili, specialmente per <\/span><b>studenti<\/b><span style=\"font-weight: 400;\"> e <\/span><a href=\"https:\/\/www.zappyrent.com\/it\/blog\/under-40-vivere-in-affitto\/\"><b>giovani lavoratori<\/b><\/a><span style=\"font-weight: 400;\">. Inoltre, il decreto mira a ridurre il fenomeno delle<\/span><b> costruzioni abusive<\/b><span style=\"font-weight: 400;\">, offrendo la possibilit\u00e0 di regolarizzare piccole irregolarit\u00e0 edilizie.<\/span><\/p>\n<p><span style=\"font-weight: 400;\">In poche parole, c\u2019\u00e8 bisogno di dare spazio a un <\/span><a href=\"https:\/\/www.zappyrent.com\/it\/blog\/ultime-notizie-dal-mercato-degli-affitti-previsioni-2026\/\"><b>mercato sempre in crescita<\/b><\/a><span style=\"font-weight: 400;\">: quello degli affitti.<\/span><\/p>\n<p><span style=\"font-weight: 400;\">I prossimi step verso l&#8217;approvazione finale del decreto includono ulteriori discussioni parlamentari e l&#8217;eventuale pubblicazione in Gazzetta Ufficiale. Questi passaggi sono cruciali per garantire che tutte le modifiche legislative siano chiaramente comprese e implementate correttamente.<\/span><\/p>\n<h3><b>Cosa comporta il Decreto Salva Casa<\/b><\/h3>\n<p><span style=\"font-weight: 400;\">Il Decreto Salva Casa porter\u00e0 benefici a vari settori, tra cui l&#8217;<\/span><b>edilizia<\/b><span style=\"font-weight: 400;\"> e il <\/span><b>mercato immobiliare<\/b><span style=\"font-weight: 400;\">. Ecco tre motivazioni principali dell\u2019utilit\u00e0 di questo decreto:<\/span><\/p>\n<ol>\n<li style=\"font-weight: 400;\" aria-level=\"1\"><b>Accessibilit\u00e0 abitativa<\/b><span style=\"font-weight: 400;\">: Con la possibilit\u00e0 di costruire mini-abitazioni, il decreto rende pi\u00f9 facile e meno costoso l&#8217;accesso a un alloggio, soprattutto per le fasce di popolazione a basso reddito.<\/span><\/li>\n<li style=\"font-weight: 400;\" aria-level=\"1\"><b>Regolarizzazione edilizia<\/b><span style=\"font-weight: 400;\">: Il decreto consente di sanare piccole irregolarit\u00e0 edilizie, favorendo una maggiore legalit\u00e0 e sicurezza nelle costruzioni.<\/span><\/li>\n<li style=\"font-weight: 400;\" aria-level=\"1\"><b>Incentivi economici<\/b><span style=\"font-weight: 400;\">: Gli incentivi per la ristrutturazione degli immobili esistenti possono stimolare il settore edilizio, creando posti di lavoro e migliorando il patrimonio immobiliare del paese.<\/span><\/li>\n<\/ol>\n<p><a href=\"https:\/\/get.zappyrent.com\/steps2_blog\/?utm_source=organic&amp;utm_medium=blog&amp;utm_campaign=locatore&amp;tr=lead_blog_protezione_locatore\"><img fetchpriority=\"high\" decoding=\"async\" class=\"alignnone wp-image-5013 size-full\" src=\"https:\/\/www.zappyrent.com\/wp\/app\/uploads\/2024\/05\/4-Banner-BLOG-piu-largo-1.jpg\" alt=\"decreto-salva-casa-s\u00ec-mini-abitazioni\" width=\"2000\" height=\"685\" srcset=\"https:\/\/www.zappyrent.com\/wp\/app\/uploads\/2024\/05\/4-Banner-BLOG-piu-largo-1.jpg 2000w, https:\/\/www.zappyrent.com\/wp\/app\/uploads\/2024\/05\/4-Banner-BLOG-piu-largo-1-600x206.jpg 600w, https:\/\/www.zappyrent.com\/wp\/app\/uploads\/2024\/05\/4-Banner-BLOG-piu-largo-1-1200x411.jpg 1200w, https:\/\/www.zappyrent.com\/wp\/app\/uploads\/2024\/05\/4-Banner-BLOG-piu-largo-1-768x263.jpg 768w, https:\/\/www.zappyrent.com\/wp\/app\/uploads\/2024\/05\/4-Banner-BLOG-piu-largo-1-1536x526.jpg 1536w, https:\/\/www.zappyrent.com\/wp\/app\/uploads\/2024\/05\/4-Banner-BLOG-piu-largo-1-150x51.jpg 150w\" sizes=\"(max-width: 2000px) 100vw, 2000px\" \/><\/a><\/p>\n<h2><b>I vecchi requisiti di abitabilit\u00e0<\/b><\/h2>\n<p><span style=\"font-weight: 400;\">Prima dell&#8217;introduzione del Decreto Salva Casa, i requisiti di abitabilit\u00e0 erano rigidi e spesso complicati da soddisfare. Ecco un elenco delle <\/span><a href=\"https:\/\/jacopotartaglia.it\/abitabilita-casa-requisiti\/\"><b>principali normative<\/b><\/a><span style=\"font-weight: 400;\">.<\/span><\/p>\n<h3><b>Regolamento d\u2019igiene e abitabilit\u00e0 della casa<\/b><\/h3>\n<p><span style=\"font-weight: 400;\">Il regolamento d&#8217;igiene \u00e8 uno dei pilastri dei requisiti di abitabilit\u00e0. Esso stabilisce le norme igienico-sanitarie che ogni abitazione deve rispettare, comprese le caratteristiche dei materiali da costruzione, le modalit\u00e0 di aerazione e illuminazione, e i sistemi di smaltimento dei rifiuti.<\/span><\/p>\n<h3><b>Superficie dell\u2019abitazione<\/b><\/h3>\n<p><span style=\"font-weight: 400;\">La superficie minima richiesta per un&#8217;abitazione era uno dei criteri pi\u00f9 stringenti. Le normative prevedevano che un monolocale <\/span><b>non potesse essere inferiore ai 28 mq<\/b><span style=\"font-weight: 400;\"> per una persona, e ai 38 mq per due persone. Queste misure avevano l\u2019obiettivo di garantire un minimo di <\/span><b>spazio vitale<\/b><span style=\"font-weight: 400;\"> per gli occupanti.<\/span><\/p>\n<h3><b>Altezza dei locali per l\u2019abitabilit\u00e0 della casa<\/b><\/h3>\n<p><span style=\"font-weight: 400;\">L&#8217;altezza minima dei locali abitabili era fissata a 2,70 metri, riducibile a 2,40 metri per corridoi, bagni e ripostigli. Questa misura era pensata per assicurare una sufficiente ventilazione e un ambiente salubre.<\/span><\/p>\n<h3><b>Luce naturale e areazione minima<\/b><\/h3>\n<p><span style=\"font-weight: 400;\">Ogni abitazione doveva garantire un&#8217;adeguata illuminazione naturale e una corretta aerazione. Le finestre dovevano coprire almeno 1\/8 della superficie del pavimento e garantire una ventilazione naturale sufficiente per evitare problemi di umidit\u00e0 e scarsa qualit\u00e0 dell&#8217;aria.<\/span><\/p>\n<p><a href=\"https:\/\/get.zappyrent.com\/steps2_blog\/?utm_source=organic&amp;utm_medium=blog&amp;utm_campaign=locatore&amp;tr=lead_blog_protezione_locatore\"><img decoding=\"async\" class=\"alignnone wp-image-5011 size-full\" src=\"https:\/\/www.zappyrent.com\/wp\/app\/uploads\/2024\/05\/2-Banner-BLOG-5.jpg\" alt=\"decreto-salva-casa-s\u00ec-mini-abitazioni\" width=\"2000\" height=\"625\" srcset=\"https:\/\/www.zappyrent.com\/wp\/app\/uploads\/2024\/05\/2-Banner-BLOG-5.jpg 2000w, https:\/\/www.zappyrent.com\/wp\/app\/uploads\/2024\/05\/2-Banner-BLOG-5-600x188.jpg 600w, https:\/\/www.zappyrent.com\/wp\/app\/uploads\/2024\/05\/2-Banner-BLOG-5-1200x375.jpg 1200w, https:\/\/www.zappyrent.com\/wp\/app\/uploads\/2024\/05\/2-Banner-BLOG-5-768x240.jpg 768w, https:\/\/www.zappyrent.com\/wp\/app\/uploads\/2024\/05\/2-Banner-BLOG-5-1536x480.jpg 1536w, https:\/\/www.zappyrent.com\/wp\/app\/uploads\/2024\/05\/2-Banner-BLOG-5-150x47.jpg 150w\" sizes=\"(max-width: 2000px) 100vw, 2000px\" \/><\/a><\/p>\n<h2><b>I nuovi requisiti di abitabilit\u00e0<\/b><\/h2>\n<p><span style=\"font-weight: 400;\">Con l\u2019introduzione del Decreto Salva Casa, i <\/span><a href=\"https:\/\/www.ipsoa.it\/documents\/quotidiano\/2024\/07\/16\/decreto-salva-casa-cambiano-requisiti-abitabilita\"><b>requisiti di abitabilit\u00e0<\/b><\/a><span style=\"font-weight: 400;\"> sono stati modificati per adattarsi meglio alle esigenze attuali e facilitare la creazione di mini-abitazioni. Vediamo in dettaglio le <\/span><a href=\"https:\/\/www.studiotecnicopagliai.it\/salva-casa-definito-tutti-gli-emendamenti-approvati\/\"><b>principali modifiche<\/b><\/a><span style=\"font-weight: 400;\">.<\/span><\/p>\n<h3><b>Regolamento d\u2019igiene e abitabilit\u00e0 della casa<\/b><\/h3>\n<p><span style=\"font-weight: 400;\">Il nuovo regolamento mantiene gli standard igienico-sanitari, ma introduce maggiore flessibilit\u00e0. Ad esempio, per le mini-abitazioni \u00e8 possibile utilizzare soluzioni innovative per l&#8217;aerazione e l&#8217;illuminazione che riducono l&#8217;impatto delle dimensioni ridotte.<\/span><\/p>\n<h3><b>Salva Casa: <\/b><b>Superficie dell\u2019abitazione secondo i nuovi requisiti\u00a0<\/b><\/h3>\n<p><span style=\"font-weight: 400;\">Il Decreto Salva Casa consente di costruire mini-abitazioni con<\/span><a href=\"https:\/\/www.ilsole24ore.com\/art\/salva-casa-altezze-e-superfici-ridotte-via-libera-mini-abitazioni-AFCsg4sC\"><b> superfici inferiori ai limiti precedenti<\/b><\/a><span style=\"font-weight: 400;\">. Ora, i monolocali possono avere una superficie minima di 25 mq, permettendo una maggiore densit\u00e0 abitativa e rispondendo alle esigenze di chi cerca alloggi pi\u00f9 economici.<\/span><\/p>\n<h3><b>Altezza dei locali per l\u2019abitabilit\u00e0 della casa<\/b><\/h3>\n<p><span style=\"font-weight: 400;\">Anche le altezze minime sono state riviste. Le mini-abitazioni possono avere un&#8217;altezza ridotta a 2,55 metri, mantenendo per\u00f2 l&#8217;obbligo di garantire una buona ventilazione e un ambiente salubre.<\/span><\/p>\n<h3><b>Luce naturale e areazione minima nelle mini-abitazioni<\/b><\/h3>\n<p><span style=\"font-weight: 400;\">Le nuove normative permettono una maggiore flessibilit\u00e0 nelle soluzioni di illuminazione e aerazione. Ad esempio, possono essere utilizzate finestre pi\u00f9 piccole o sistemi di ventilazione meccanica controllata, che permettono di mantenere la qualit\u00e0 dell&#8217;aria e della luce naturale anche in spazi pi\u00f9 ridotti.\u00a0<\/span><\/p>\n<p><span style=\"font-weight: 400;\">Se non si vogliono attuare modifiche importanti, come ad esempio inserire un impianto di climatizzazione o rinnovare il bagno, noi di Zappyrent offriamo sempre consigli utili per te e il tuo inquilino. Ecco, ad esempio, <\/span><a href=\"https:\/\/www.zappyrent.com\/it\/blog\/appartamento-in-affitto-5-modi-per-evitare-condizionatore\/\"><b>5 consigli su come refrigerare gli ambienti<\/b><\/a><span style=\"font-weight: 400;\"> anche senza condizionatore!<\/span><\/p>\n<h2><b>Benefici del Decreto Salva Casa per chi possiede mini-abitazioni<\/b><\/h2>\n<p><span style=\"font-weight: 400;\">Chi possiede piccoli immobili o mini-abitazioni potr\u00e0 trarre notevoli benefici dal Decreto Salva Casa. Con una piccola ristrutturazione, questi spazi possono diventare monolocali interessanti e redditizi. Tuttavia, \u00e8 fondamentale assicurarsi che le abitazioni siano non solo abitabili, ma anche vivibili.<\/span><\/p>\n<h3><b>Prospettive del mercato degli affitti<\/b><\/h3>\n<p><span style=\"font-weight: 400;\">Il mercato degli affitti potrebbe vedere un significativo incremento dell&#8217;offerta di mini-abitazioni, rendendo pi\u00f9 accessibile l&#8217;affitto <\/span><a href=\"https:\/\/www.zappyrent.com\/it\/blog\/canone-concordato-milano-appartamenti-condivisi\/\"><b>per studenti e giovani lavoratori<\/b><\/a><span style=\"font-weight: 400;\">. Tuttavia, \u00e8 essenziale che questi spazi siano adeguatamente attrezzati e confortevoli per evitare problemi di vivibilit\u00e0.<\/span><\/p>\n<p><span style=\"font-weight: 400;\">Il Decreto Salva Casa rappresenta un cambiamento significativo nel mercato immobiliare italiano, offrendo nuove opportunit\u00e0 per la creazione di <\/span><a href=\"https:\/\/www.zappyrent.com\/it\/blog\/case-metrature-ridotte-in-cima-alle-richieste\/\"><b>mini-abitazioni<\/b><\/a><span style=\"font-weight: 400;\"> e la regolarizzazione degli immobili esistenti. Conoscere i nuovi requisiti di abitabilit\u00e0 e le possibilit\u00e0 offerte da questa legislazione \u00e8 fondamentale per chiunque voglia <\/span><a href=\"https:\/\/www.zappyrent.com\/it\/blog\/affittare-casa-o-vendere-soluzione-zappyrent-n1\/\"><b>investire nel settore immobiliare<\/b><\/a><span style=\"font-weight: 400;\"> o semplicemente migliorare le proprie propriet\u00e0. Con il supporto di Zappyrent, trasformare piccoli spazi in abitazioni confortevoli e redditizie diventa un&#8217;opportunit\u00e0 concreta e vantaggiosa.<\/span><\/p>\n<p><b>Zappyrent ti Salva Casa!<\/b><\/p>\n<p><span style=\"font-weight: 400;\">La nostra piattaforma pu\u00f2 diventare infatti un alleato perfetto per chi vuole mettere a reddito una mini-abitazione. Grazie ai nostri servizi,potrai iniziare ad affittare la tua casa in poco tempo, ci occupiamo noi di tutto!\u00a0<\/span><\/p>\n<p><span style=\"font-weight: 400;\">Da sempre la nostra missione \u00e8 rendere il mondo degli affitti pi\u00f9 accessibile e digitale. Tuteliamo con trasparenza la sicurezza di proprietari e inquilini, grazie ai nostri servizi su misura, come <\/span><a href=\"https:\/\/www.zappyrent.com\/it\/protezione-zappyrent?_gl=1*19sap5y*_up*MQ..*_ga*MTk3NzM2NDQ4LjE3MjEyNDMyODM.*_ga_366KEE1FPC*MTcyMTI0MzI4Mi4xLjAuMTcyMTI0MzI4Mi4wLjAuMTkyOTEyODcw\"><b>Protezione Zappyrent<\/b><\/a><span style=\"font-weight: 400;\">.<\/span><\/p>\n<p><span style=\"font-weight: 400;\">Inizia ora la ricerca dell\u2019<\/span><a href=\"https:\/\/www.zappyrent.com\/it\/blog\/conduttore-affitto-5-segnali-inquilino-perfetto\/\"><b>inquilino perfetto<\/b><\/a><span style=\"font-weight: 400;\">! Carica un annuncio sulla <\/span><a href=\"https:\/\/www.zappyrent.com\/it\/pubblica-annuncio-gratis?_gl=1*19sap5y*_up*MQ..*_ga*MTk3NzM2NDQ4LjE3MjEyNDMyODM.*_ga_366KEE1FPC*MTcyMTI0MzI4Mi4xLjAuMTcyMTI0MzI4Mi4wLjAuMTkyOTEyODcw\"><b>nostra piattaforma<\/b><\/a><span style=\"font-weight: 400;\"> e scopri quanto \u00e8 facile affittare con Zappyrent!<\/span><\/p>\n","protected":false},"excerpt":{"rendered":"<p>L&#8217;introduzione del Decreto Salva Casa ha scosso il mercato immobiliare italiano, portando con s\u00e9 una<\/p>\n","protected":false},"author":1,"featured_media":5578,"comment_status":"closed","ping_status":"closed","sticky":false,"template":"","format":"standard","meta":{"_yoast_wpseo_focuskw":"Salva Casa","_yoast_wpseo_title":"","_yoast_wpseo_metadesc":"Il Decreto Salva Casa si fa strada in Parlamento. L'Italia dice s\u00ec alle mini-abitazioni, una misura a sostegno del mondo degli affitti.","_mo_disable_npp":"","_uag_custom_page_level_css":"","_lmt_disableupdate":"","_lmt_disable":"","_mbp_gutenberg_autopost":false,"footnotes":""},"categories":[9],"tags":[],"class_list":["post-5577","post","type-post","status-publish","format-standard","has-post-thumbnail","hentry","category-blog"],"yoast_head":"<!-- This site is optimized with the Yoast SEO plugin v23.4 - https:\/\/yoast.com\/wordpress\/plugins\/seo\/ -->\n<title>Salva Casa: il Decreto dice s\u00ec alle Mini-Abitazioni nel 2024<\/title>\n<meta name=\"description\" content=\"Il Decreto Salva Casa si fa strada in Parlamento. L&#039;Italia dice s\u00ec alle mini-abitazioni, una misura a sostegno del mondo degli affitti.\" \/>\n<meta name=\"robots\" content=\"index, follow, max-snippet:-1, max-image-preview:large, max-video-preview:-1\" \/>\n<link rel=\"canonical\" href=\"https:\/\/www.zappyrent.com\/it\/blog\/salva-casa-il-decreto-dice-si-alle-mini-abitazioni-nel-2024\/\" \/>\n<meta property=\"og:locale\" content=\"it_IT\" \/>\n<meta property=\"og:type\" content=\"article\" \/>\n<meta property=\"og:title\" content=\"Salva Casa: il Decreto dice s\u00ec alle Mini-Abitazioni nel 2024\" \/>\n<meta property=\"og:description\" content=\"Il Decreto Salva Casa si fa strada in Parlamento. L&#039;Italia dice s\u00ec alle mini-abitazioni, una misura a sostegno del mondo degli affitti.\" \/>\n<meta property=\"og:url\" content=\"https:\/\/www.zappyrent.com\/it\/blog\/salva-casa-il-decreto-dice-si-alle-mini-abitazioni-nel-2024\/\" \/>\n<meta property=\"article:publisher\" content=\"https:\/\/www.facebook.com\/Zappyrent\/\" \/>\n<meta property=\"article:published_time\" content=\"2024-07-17T19:26:15+00:00\" \/>\n<meta property=\"og:image\" content=\"https:\/\/www.zappyrent.com\/wp\/app\/uploads\/2024\/07\/Zappyrent-covereee.jpg\" \/>\n\t<meta property=\"og:image:width\" content=\"1000\" \/>\n\t<meta property=\"og:image:height\" content=\"667\" \/>\n\t<meta property=\"og:image:type\" content=\"image\/jpeg\" \/>\n<meta name=\"author\" content=\"zappy\" \/>\n<meta name=\"twitter:card\" content=\"summary_large_image\" \/>\n<meta name=\"twitter:label1\" content=\"Written by\" \/>\n\t<meta name=\"twitter:data1\" content=\"zappy\" \/>\n\t<meta name=\"twitter:label2\" content=\"Est. reading time\" \/>\n\t<meta name=\"twitter:data2\" content=\"6 minuti\" \/>\n<script type=\"application\/ld+json\" class=\"yoast-schema-graph\">{\"@context\":\"https:\/\/schema.org\",\"@graph\":[{\"@type\":\"Article\",\"@id\":\"https:\/\/www.zappyrent.com\/it\/blog\/salva-casa-il-decreto-dice-si-alle-mini-abitazioni-nel-2024\/#article\",\"isPartOf\":{\"@id\":\"https:\/\/www.zappyrent.com\/it\/blog\/salva-casa-il-decreto-dice-si-alle-mini-abitazioni-nel-2024\/\"},\"author\":{\"name\":\"zappy\",\"@id\":\"https:\/\/www.zappyrent.com\/it\/#\/schema\/person\/ef9b4a6820a221db6f7bc0e93478badb\"},\"headline\":\"Salva Casa: il Decreto dice s\u00ec alle Mini-Abitazioni nel 2024\",\"datePublished\":\"2024-07-17T19:26:15+00:00\",\"dateModified\":\"2024-07-17T19:26:15+00:00\",\"mainEntityOfPage\":{\"@id\":\"https:\/\/www.zappyrent.com\/it\/blog\/salva-casa-il-decreto-dice-si-alle-mini-abitazioni-nel-2024\/\"},\"wordCount\":1102,\"publisher\":{\"@id\":\"https:\/\/www.zappyrent.com\/it\/#organization\"},\"image\":{\"@id\":\"https:\/\/www.zappyrent.com\/it\/blog\/salva-casa-il-decreto-dice-si-alle-mini-abitazioni-nel-2024\/#primaryimage\"},\"thumbnailUrl\":\"https:\/\/www.zappyrent.com\/wp\/app\/uploads\/2024\/07\/Zappyrent-covereee.jpg\",\"articleSection\":[\"Blog\"],\"inLanguage\":\"it-IT\"},{\"@type\":\"WebPage\",\"@id\":\"https:\/\/www.zappyrent.com\/it\/blog\/salva-casa-il-decreto-dice-si-alle-mini-abitazioni-nel-2024\/\",\"url\":\"https:\/\/www.zappyrent.com\/it\/blog\/salva-casa-il-decreto-dice-si-alle-mini-abitazioni-nel-2024\/\",\"name\":\"Salva Casa: il Decreto dice s\u00ec alle Mini-Abitazioni nel 2024\",\"isPartOf\":{\"@id\":\"https:\/\/www.zappyrent.com\/it\/#website\"},\"primaryImageOfPage\":{\"@id\":\"https:\/\/www.zappyrent.com\/it\/blog\/salva-casa-il-decreto-dice-si-alle-mini-abitazioni-nel-2024\/#primaryimage\"},\"image\":{\"@id\":\"https:\/\/www.zappyrent.com\/it\/blog\/salva-casa-il-decreto-dice-si-alle-mini-abitazioni-nel-2024\/#primaryimage\"},\"thumbnailUrl\":\"https:\/\/www.zappyrent.com\/wp\/app\/uploads\/2024\/07\/Zappyrent-covereee.jpg\",\"datePublished\":\"2024-07-17T19:26:15+00:00\",\"dateModified\":\"2024-07-17T19:26:15+00:00\",\"description\":\"Il Decreto Salva Casa si fa strada in Parlamento. L'Italia dice s\u00ec alle mini-abitazioni, una misura a sostegno del mondo degli affitti.\",\"breadcrumb\":{\"@id\":\"https:\/\/www.zappyrent.com\/it\/blog\/salva-casa-il-decreto-dice-si-alle-mini-abitazioni-nel-2024\/#breadcrumb\"},\"inLanguage\":\"it-IT\",\"potentialAction\":[{\"@type\":\"ReadAction\",\"target\":[\"https:\/\/www.zappyrent.com\/it\/blog\/salva-casa-il-decreto-dice-si-alle-mini-abitazioni-nel-2024\/\"]}]},{\"@type\":\"ImageObject\",\"inLanguage\":\"it-IT\",\"@id\":\"https:\/\/www.zappyrent.com\/it\/blog\/salva-casa-il-decreto-dice-si-alle-mini-abitazioni-nel-2024\/#primaryimage\",\"url\":\"https:\/\/www.zappyrent.com\/wp\/app\/uploads\/2024\/07\/Zappyrent-covereee.jpg\",\"contentUrl\":\"https:\/\/www.zappyrent.com\/wp\/app\/uploads\/2024\/07\/Zappyrent-covereee.jpg\",\"width\":1000,\"height\":667,\"caption\":\"decreto-salva-casa-s\u00ec-mini-abitazioni\"},{\"@type\":\"BreadcrumbList\",\"@id\":\"https:\/\/www.zappyrent.com\/it\/blog\/salva-casa-il-decreto-dice-si-alle-mini-abitazioni-nel-2024\/#breadcrumb\",\"itemListElement\":[{\"@type\":\"ListItem\",\"position\":1,\"name\":\"Home\",\"item\":\"https:\/\/www.zappyrent.com\/it\/\"},{\"@type\":\"ListItem\",\"position\":2,\"name\":\"Salva Casa: il Decreto dice s\u00ec alle Mini-Abitazioni nel 2024\"}]},{\"@type\":\"WebSite\",\"@id\":\"https:\/\/www.zappyrent.com\/it\/#website\",\"url\":\"https:\/\/www.zappyrent.com\/it\/\",\"name\":\"https:\/\/www.zappyrent.com\/it\/blog\/\",\"description\":\"\",\"publisher\":{\"@id\":\"https:\/\/www.zappyrent.com\/it\/#organization\"},\"potentialAction\":[{\"@type\":\"SearchAction\",\"target\":{\"@type\":\"EntryPoint\",\"urlTemplate\":\"https:\/\/www.zappyrent.com\/it\/?s={search_term_string}\"},\"query-input\":{\"@type\":\"PropertyValueSpecification\",\"valueRequired\":true,\"valueName\":\"search_term_string\"}}],\"inLanguage\":\"it-IT\"},{\"@type\":\"Organization\",\"@id\":\"https:\/\/www.zappyrent.com\/it\/#organization\",\"name\":\"Zappyrent\",\"url\":\"https:\/\/www.zappyrent.com\/it\/\",\"logo\":{\"@type\":\"ImageObject\",\"inLanguage\":\"it-IT\",\"@id\":\"https:\/\/www.zappyrent.com\/it\/#\/schema\/logo\/image\/\",\"url\":\"https:\/\/www.zappyrent.com\/wp\/app\/uploads\/2024\/05\/cropped-ZAPPYRENT-IL-BLOG-1.png\",\"contentUrl\":\"https:\/\/www.zappyrent.com\/wp\/app\/uploads\/2024\/05\/cropped-ZAPPYRENT-IL-BLOG-1.png\",\"width\":2808,\"height\":1022,\"caption\":\"Zappyrent\"},\"image\":{\"@id\":\"https:\/\/www.zappyrent.com\/it\/#\/schema\/logo\/image\/\"},\"sameAs\":[\"https:\/\/www.facebook.com\/Zappyrent\/\",\"https:\/\/www.instagram.com\/zappyrent\/\"]},{\"@type\":\"Person\",\"@id\":\"https:\/\/www.zappyrent.com\/it\/#\/schema\/person\/ef9b4a6820a221db6f7bc0e93478badb\",\"name\":\"zappy\",\"image\":{\"@type\":\"ImageObject\",\"inLanguage\":\"it-IT\",\"@id\":\"https:\/\/www.zappyrent.com\/it\/#\/schema\/person\/image\/\",\"url\":\"https:\/\/secure.gravatar.com\/avatar\/b710a10272aac055f788d5319a611f01?s=96&d=mm&r=g\",\"contentUrl\":\"https:\/\/secure.gravatar.com\/avatar\/b710a10272aac055f788d5319a611f01?s=96&d=mm&r=g\",\"caption\":\"zappy\"},\"url\":\"https:\/\/www.zappyrent.com\/it\/author\/zappy\/\"}]}<\/script>\n<!-- \/ Yoast SEO plugin. -->","yoast_head_json":{"title":"Salva Casa: il Decreto dice s\u00ec alle Mini-Abitazioni nel 2024","description":"Il Decreto Salva Casa si fa strada in Parlamento. L'Italia dice s\u00ec alle mini-abitazioni, una misura a sostegno del mondo degli affitti.","robots":{"index":"index","follow":"follow","max-snippet":"max-snippet:-1","max-image-preview":"max-image-preview:large","max-video-preview":"max-video-preview:-1"},"canonical":"https:\/\/www.zappyrent.com\/it\/blog\/salva-casa-il-decreto-dice-si-alle-mini-abitazioni-nel-2024\/","og_locale":"it_IT","og_type":"article","og_title":"Salva Casa: il Decreto dice s\u00ec alle Mini-Abitazioni nel 2024","og_description":"Il Decreto Salva Casa si fa strada in Parlamento. L'Italia dice s\u00ec alle mini-abitazioni, una misura a sostegno del mondo degli affitti.","og_url":"https:\/\/www.zappyrent.com\/it\/blog\/salva-casa-il-decreto-dice-si-alle-mini-abitazioni-nel-2024\/","article_publisher":"https:\/\/www.facebook.com\/Zappyrent\/","article_published_time":"2024-07-17T19:26:15+00:00","og_image":[{"width":1000,"height":667,"url":"https:\/\/www.zappyrent.com\/wp\/app\/uploads\/2024\/07\/Zappyrent-covereee.jpg","type":"image\/jpeg"}],"author":"zappy","twitter_card":"summary_large_image","twitter_misc":{"Written by":"zappy","Est. reading time":"6 minuti"},"schema":{"@context":"https:\/\/schema.org","@graph":[{"@type":"Article","@id":"https:\/\/www.zappyrent.com\/it\/blog\/salva-casa-il-decreto-dice-si-alle-mini-abitazioni-nel-2024\/#article","isPartOf":{"@id":"https:\/\/www.zappyrent.com\/it\/blog\/salva-casa-il-decreto-dice-si-alle-mini-abitazioni-nel-2024\/"},"author":{"name":"zappy","@id":"https:\/\/www.zappyrent.com\/it\/#\/schema\/person\/ef9b4a6820a221db6f7bc0e93478badb"},"headline":"Salva Casa: il Decreto dice s\u00ec alle Mini-Abitazioni nel 2024","datePublished":"2024-07-17T19:26:15+00:00","dateModified":"2024-07-17T19:26:15+00:00","mainEntityOfPage":{"@id":"https:\/\/www.zappyrent.com\/it\/blog\/salva-casa-il-decreto-dice-si-alle-mini-abitazioni-nel-2024\/"},"wordCount":1102,"publisher":{"@id":"https:\/\/www.zappyrent.com\/it\/#organization"},"image":{"@id":"https:\/\/www.zappyrent.com\/it\/blog\/salva-casa-il-decreto-dice-si-alle-mini-abitazioni-nel-2024\/#primaryimage"},"thumbnailUrl":"https:\/\/www.zappyrent.com\/wp\/app\/uploads\/2024\/07\/Zappyrent-covereee.jpg","articleSection":["Blog"],"inLanguage":"it-IT"},{"@type":"WebPage","@id":"https:\/\/www.zappyrent.com\/it\/blog\/salva-casa-il-decreto-dice-si-alle-mini-abitazioni-nel-2024\/","url":"https:\/\/www.zappyrent.com\/it\/blog\/salva-casa-il-decreto-dice-si-alle-mini-abitazioni-nel-2024\/","name":"Salva Casa: il Decreto dice s\u00ec alle Mini-Abitazioni nel 2024","isPartOf":{"@id":"https:\/\/www.zappyrent.com\/it\/#website"},"primaryImageOfPage":{"@id":"https:\/\/www.zappyrent.com\/it\/blog\/salva-casa-il-decreto-dice-si-alle-mini-abitazioni-nel-2024\/#primaryimage"},"image":{"@id":"https:\/\/www.zappyrent.com\/it\/blog\/salva-casa-il-decreto-dice-si-alle-mini-abitazioni-nel-2024\/#primaryimage"},"thumbnailUrl":"https:\/\/www.zappyrent.com\/wp\/app\/uploads\/2024\/07\/Zappyrent-covereee.jpg","datePublished":"2024-07-17T19:26:15+00:00","dateModified":"2024-07-17T19:26:15+00:00","description":"Il Decreto Salva Casa si fa strada in Parlamento. L'Italia dice s\u00ec alle mini-abitazioni, una misura a sostegno del mondo degli affitti.","breadcrumb":{"@id":"https:\/\/www.zappyrent.com\/it\/blog\/salva-casa-il-decreto-dice-si-alle-mini-abitazioni-nel-2024\/#breadcrumb"},"inLanguage":"it-IT","potentialAction":[{"@type":"ReadAction","target":["https:\/\/www.zappyrent.com\/it\/blog\/salva-casa-il-decreto-dice-si-alle-mini-abitazioni-nel-2024\/"]}]},{"@type":"ImageObject","inLanguage":"it-IT","@id":"https:\/\/www.zappyrent.com\/it\/blog\/salva-casa-il-decreto-dice-si-alle-mini-abitazioni-nel-2024\/#primaryimage","url":"https:\/\/www.zappyrent.com\/wp\/app\/uploads\/2024\/07\/Zappyrent-covereee.jpg","contentUrl":"https:\/\/www.zappyrent.com\/wp\/app\/uploads\/2024\/07\/Zappyrent-covereee.jpg","width":1000,"height":667,"caption":"decreto-salva-casa-s\u00ec-mini-abitazioni"},{"@type":"BreadcrumbList","@id":"https:\/\/www.zappyrent.com\/it\/blog\/salva-casa-il-decreto-dice-si-alle-mini-abitazioni-nel-2024\/#breadcrumb","itemListElement":[{"@type":"ListItem","position":1,"name":"Home","item":"https:\/\/www.zappyrent.com\/it\/"},{"@type":"ListItem","position":2,"name":"Salva Casa: il Decreto dice s\u00ec alle Mini-Abitazioni nel 2024"}]},{"@type":"WebSite","@id":"https:\/\/www.zappyrent.com\/it\/#website","url":"https:\/\/www.zappyrent.com\/it\/","name":"https:\/\/www.zappyrent.com\/it\/blog\/","description":"","publisher":{"@id":"https:\/\/www.zappyrent.com\/it\/#organization"},"potentialAction":[{"@type":"SearchAction","target":{"@type":"EntryPoint","urlTemplate":"https:\/\/www.zappyrent.com\/it\/?s={search_term_string}"},"query-input":{"@type":"PropertyValueSpecification","valueRequired":true,"valueName":"search_term_string"}}],"inLanguage":"it-IT"},{"@type":"Organization","@id":"https:\/\/www.zappyrent.com\/it\/#organization","name":"Zappyrent","url":"https:\/\/www.zappyrent.com\/it\/","logo":{"@type":"ImageObject","inLanguage":"it-IT","@id":"https:\/\/www.zappyrent.com\/it\/#\/schema\/logo\/image\/","url":"https:\/\/www.zappyrent.com\/wp\/app\/uploads\/2024\/05\/cropped-ZAPPYRENT-IL-BLOG-1.png","contentUrl":"https:\/\/www.zappyrent.com\/wp\/app\/uploads\/2024\/05\/cropped-ZAPPYRENT-IL-BLOG-1.png","width":2808,"height":1022,"caption":"Zappyrent"},"image":{"@id":"https:\/\/www.zappyrent.com\/it\/#\/schema\/logo\/image\/"},"sameAs":["https:\/\/www.facebook.com\/Zappyrent\/","https:\/\/www.instagram.com\/zappyrent\/"]},{"@type":"Person","@id":"https:\/\/www.zappyrent.com\/it\/#\/schema\/person\/ef9b4a6820a221db6f7bc0e93478badb","name":"zappy","image":{"@type":"ImageObject","inLanguage":"it-IT","@id":"https:\/\/www.zappyrent.com\/it\/#\/schema\/person\/image\/","url":"https:\/\/secure.gravatar.com\/avatar\/b710a10272aac055f788d5319a611f01?s=96&d=mm&r=g","contentUrl":"https:\/\/secure.gravatar.com\/avatar\/b710a10272aac055f788d5319a611f01?s=96&d=mm&r=g","caption":"zappy"},"url":"https:\/\/www.zappyrent.com\/it\/author\/zappy\/"}]}},"modified_by":"zappy","uagb_featured_image_src":{"full":["https:\/\/www.zappyrent.com\/wp\/app\/uploads\/2024\/07\/Zappyrent-covereee.jpg",1000,667,false],"thumbnail":["https:\/\/www.zappyrent.com\/wp\/app\/uploads\/2024\/07\/Zappyrent-covereee-150x150.jpg",150,150,true],"medium":["https:\/\/www.zappyrent.com\/wp\/app\/uploads\/2024\/07\/Zappyrent-covereee-600x400.jpg",600,400,true],"medium_large":["https:\/\/www.zappyrent.com\/wp\/app\/uploads\/2024\/07\/Zappyrent-covereee-768x512.jpg",640,427,true],"large":["https:\/\/www.zappyrent.com\/wp\/app\/uploads\/2024\/07\/Zappyrent-covereee.jpg",640,427,false],"1536x1536":["https:\/\/www.zappyrent.com\/wp\/app\/uploads\/2024\/07\/Zappyrent-covereee.jpg",1000,667,false],"2048x2048":["https:\/\/www.zappyrent.com\/wp\/app\/uploads\/2024\/07\/Zappyrent-covereee.jpg",1000,667,false],"pgmb-post-image":["https:\/\/www.zappyrent.com\/wp\/app\/uploads\/2024\/07\/Zappyrent-covereee.jpg",1000,667,false],"prefer-thumbnail-size":["https:\/\/www.zappyrent.com\/wp\/app\/uploads\/2024\/07\/Zappyrent-covereee-800x667.jpg",800,667,true],"prefer-related-size":["https:\/\/www.zappyrent.com\/wp\/app\/uploads\/2024\/07\/Zappyrent-covereee-600x400.jpg",600,400,true],"prefer-promo-post":["https:\/\/www.zappyrent.com\/wp\/app\/uploads\/2024\/07\/Zappyrent-covereee-800x500.jpg",800,500,true],"prefer-related-post-thumbnails":["https:\/\/www.zappyrent.com\/wp\/app\/uploads\/2024\/07\/Zappyrent-covereee-850x550.jpg",850,550,true],"mailpoet_newsletter_max":["https:\/\/www.zappyrent.com\/wp\/app\/uploads\/2024\/07\/Zappyrent-covereee.jpg",1000,667,false],"web-stories-poster-portrait":["https:\/\/www.zappyrent.com\/wp\/app\/uploads\/2024\/07\/Zappyrent-covereee-640x667.jpg",640,667,true],"web-stories-publisher-logo":["https:\/\/www.zappyrent.com\/wp\/app\/uploads\/2024\/07\/Zappyrent-covereee-96x96.jpg",96,96,true],"web-stories-thumbnail":["https:\/\/www.zappyrent.com\/wp\/app\/uploads\/2024\/07\/Zappyrent-covereee-150x100.jpg",150,100,true]},"uagb_author_info":{"display_name":"zappy","author_link":"https:\/\/www.zappyrent.com\/it\/author\/zappy\/"},"uagb_comment_info":0,"uagb_excerpt":"L&#8217;introduzione del Decreto Salva Casa ha scosso il mercato immobiliare italiano, portando con s\u00e9 una","_links":{"self":[{"href":"https:\/\/www.zappyrent.com\/it\/wp-json\/wp\/v2\/posts\/5577"}],"collection":[{"href":"https:\/\/www.zappyrent.com\/it\/wp-json\/wp\/v2\/posts"}],"about":[{"href":"https:\/\/www.zappyrent.com\/it\/wp-json\/wp\/v2\/types\/post"}],"author":[{"embeddable":true,"href":"https:\/\/www.zappyrent.com\/it\/wp-json\/wp\/v2\/users\/1"}],"replies":[{"embeddable":true,"href":"https:\/\/www.zappyrent.com\/it\/wp-json\/wp\/v2\/comments?post=5577"}],"version-history":[{"count":2,"href":"https:\/\/www.zappyrent.com\/it\/wp-json\/wp\/v2\/posts\/5577\/revisions"}],"predecessor-version":[{"id":5581,"href":"https:\/\/www.zappyrent.com\/it\/wp-json\/wp\/v2\/posts\/5577\/revisions\/5581"}],"wp:featuredmedia":[{"embeddable":true,"href":"https:\/\/www.zappyrent.com\/it\/wp-json\/wp\/v2\/media\/5578"}],"wp:attachment":[{"href":"https:\/\/www.zappyrent.com\/it\/wp-json\/wp\/v2\/media?parent=5577"}],"wp:term":[{"taxonomy":"category","embeddable":true,"href":"https:\/\/www.zappyrent.com\/it\/wp-json\/wp\/v2\/categories?post=5577"},{"taxonomy":"post_tag","embeddable":true,"href":"https:\/\/www.zappyrent.com\/it\/wp-json\/wp\/v2\/tags?post=5577"}],"curies":[{"name":"wp","href":"https:\/\/api.w.org\/{rel}","templated":true}]}}