{"id":4591,"date":"2024-02-22T21:19:58","date_gmt":"2024-02-22T20:19:58","guid":{"rendered":"https:\/\/www.zappyrent.com\/?p=4591"},"modified":"2024-05-29T16:06:03","modified_gmt":"2024-05-29T14:06:03","slug":"riforma-dellisee-cambiamenti-prima-casa","status":"publish","type":"post","link":"https:\/\/www.zappyrent.com\/it\/blog\/riforma-dellisee-cambiamenti-prima-casa\/","title":{"rendered":"Riforma dell&#8217;ISEE, l&#8217;ipotesi al vaglio del Governo: meno peso per la prima casa"},"content":{"rendered":"<p>Il Governo Meloni sta ipotizzando una <strong>riforma dell&#8217;ISEE,<\/strong> cambiamento che potrebbe avere un<strong> impatto sul peso che la prima casa ha sulla situazione economica delle famiglie:<\/strong> quest&#8217;ultimo obiettivo \u00e8 tra quelli previsti all&#8217;ordine del giorno di un tavolo interministeriale che verr\u00e0 organizzato a breve.<\/p>\n<p>Il fine dell&#8217;incontro? Rivedere alcuni aspetti che caratterizzano lo schema dell&#8217;indicatore della situazione economica equivalente e che hanno effetti negativi sul portafoglio delle famiglie italiane.<\/p>\n<p>L&#8217;organizzazione del <strong>tavolo interministeriale<\/strong> \u00e8 stata resa nota, come ricordato sulle <a href=\"https:\/\/www.ilsole24ore.com\/art\/il-governo-lavora-riforma-dell-isee-meno-peso-prima-casa-AFUd0ZjC\" target=\"_blank\" rel=\"noopener\">colonne de <em>Il Sole 24 Ore<\/em><\/a>, dalla viceministra del Lavoro e delle Politiche Sociali Bellucci e dal numero due del Ministero dell&#8217;Economia e delle Finanze Leo lo scorso 14 febbraio, in occasione di un incontro con il Presidente del Forum delle Associazioni Familiari.<\/p>\n<h2>L&#8217;attenzione alla prima casa<\/h2>\n<p>L&#8217;ipotesi di una<strong> riforma dell&#8217;ISEE da parte del Governo<\/strong> e di una riduzione del peso della prima casa \u00e8 stata accolta notando la forte attenzione, da parte dell&#8217;esecutivo, al sopra citato bene.<\/p>\n<p><a href=\"https:\/\/try.zappyrent.com\/landlord\/form\/?utm_source=organic&amp;utm_medium=blog&amp;utm_campaign=locatore&amp;tr=lead_blog_protezione_locatore\"><img fetchpriority=\"high\" decoding=\"async\" class=\"alignnone wp-image-5011 size-full\" src=\"https:\/\/www.zappyrent.com\/wp\/app\/uploads\/2024\/05\/2-Banner-BLOG-5.jpg\" alt=\"\" width=\"2000\" height=\"625\" srcset=\"https:\/\/www.zappyrent.com\/wp\/app\/uploads\/2024\/05\/2-Banner-BLOG-5.jpg 2000w, https:\/\/www.zappyrent.com\/wp\/app\/uploads\/2024\/05\/2-Banner-BLOG-5-600x188.jpg 600w, https:\/\/www.zappyrent.com\/wp\/app\/uploads\/2024\/05\/2-Banner-BLOG-5-1200x375.jpg 1200w, https:\/\/www.zappyrent.com\/wp\/app\/uploads\/2024\/05\/2-Banner-BLOG-5-768x240.jpg 768w, https:\/\/www.zappyrent.com\/wp\/app\/uploads\/2024\/05\/2-Banner-BLOG-5-1536x480.jpg 1536w, https:\/\/www.zappyrent.com\/wp\/app\/uploads\/2024\/05\/2-Banner-BLOG-5-150x47.jpg 150w\" sizes=\"(max-width: 2000px) 100vw, 2000px\" \/><\/a>Il riferimento normativo specifico relativo al suo impatto sull&#8217;ISEE \u00e8 il Decreto del Presidente del Consiglio dei Ministri 159\/2013.<\/p>\n<p>A dimostrazione di ci\u00f2, \u00e8 possibile chiamare in causa anche le<strong> agevolazioni sul mutuo per la prima casa<\/strong> &#8211; che s\u00ec, <a href=\"https:\/\/www.zappyrent.com\/it\/blog\/si-puo-affittare-la-prima-casa-scopri-come-funziona\/\" target=\"_blank\" rel=\"noopener\">come ricordiamo qui <\/a>si pu\u00f2 affittare senza problemi se lo si desidera e si ha la necessit\u00e0 di farlo &#8211; agli under 36 che hanno un ISEE fino a 40.000 euro.<\/p>\n<p>Con la recente approvazione del Decreto Milleproroghe, \u00e8 stato stabilito che<strong> le agevolazioni sono valide anche se, entro il 31 dicembre dello scorso anno, risulta registrato unicamente il contratto preliminare.<\/strong><\/p>\n<p>Per poter accedere alle suddette agevolazioni, \u00e8 necessario formalizzare il rogito entro il 31 dicembre 2024.<\/p>\n<p>Si tratta del principale vincolo che \u00e8 necessario rispettare per poter usufruire dell&#8217;esenzione dall&#8217;imposta di registro, da quella ipotecaria e da quella catastale, senza dimenticare il credito d&#8217;imposta sull&#8217;IVA e la possibilit\u00e0, sempre rispettando il requisito sopra menzionato, di avere l&#8217;esenzione dall&#8217;imposta sostitutiva sul mutuo.<\/p>\n<p>Chi all&#8217;inizio dell&#8217;anno, pur avendo diritto ai suddetti bonus, ha comunque pagato le imposte, avr\u00e0 la possibilit\u00e0 di usufruire di un credito d&#8217;imposta godibile nel 2025.<\/p>\n<h2><\/h2>\n<h2>La collaborazione con il Forum delle Famiglie<\/h2>\n<p>Come riportato sempre dal quotidiano economico milanese in merito alla possibile riforma dell&#8217;ISEE da parte dell&#8217;esecutivo Meloni, i due viceministri hanno dichiarato di aver dato il via, insieme con il Forum delle Famiglie, a un tavolo di lavoro interministeriale avente lo scopo di <strong>rivedere gli aspetti dell&#8217;ISEE che impattano negativamente sul bilancio delle famiglie italiane.<\/strong><\/p>\n<p><strong>Semplificazione, efficacia, tecnologia:<\/strong> queste le tre parole chiave utilizzate da Bellucci e Leo per commentare i progetti con il Forum. I due viceministri hanno altres\u00ec sottolineato l&#8217;importanza di mettere le famiglie che ne hanno necessit\u00e0 in condizione di accedere a quello che \u00e8 uno strumento essenziale per l&#8217;accesso al welfare.<\/p>\n<h2>ISEE e prima casa: chi \u00e8 penalizzato maggiormente in questo momento?<\/h2>\n<p>La <strong>possibile riforma dell&#8217;ISEE<\/strong> con i gi\u00e0 citati cambiamenti relativi al ruolo della prima casa andrebbe a portare <strong>vantaggi<\/strong> in particolare ai <strong>proprietari che hanno immobili in contesti caratterizzati da un&#8217;importante tensione del mercato.<\/strong><\/p>\n<p>Si andrebbe a modificare un quadro attuale che vede penalizzati pure i <strong>proprietari di immobili con modesto valore di mercato ma forte rilevanza affettiva<\/strong> (p.e. le case ereditate).<\/p>\n<p><a href=\"https:\/\/try.zappyrent.com\/landlord\/form\/?utm_source=organic&amp;utm_medium=blog&amp;utm_campaign=locatore&amp;tr=lead_blog_protezione_locatore\"><img decoding=\"async\" class=\"alignnone wp-image-5013 size-full\" src=\"https:\/\/www.zappyrent.com\/wp\/app\/uploads\/2024\/05\/4-Banner-BLOG-piu-largo-1.jpg\" alt=\"\" width=\"2000\" height=\"685\" srcset=\"https:\/\/www.zappyrent.com\/wp\/app\/uploads\/2024\/05\/4-Banner-BLOG-piu-largo-1.jpg 2000w, https:\/\/www.zappyrent.com\/wp\/app\/uploads\/2024\/05\/4-Banner-BLOG-piu-largo-1-600x206.jpg 600w, https:\/\/www.zappyrent.com\/wp\/app\/uploads\/2024\/05\/4-Banner-BLOG-piu-largo-1-1200x411.jpg 1200w, https:\/\/www.zappyrent.com\/wp\/app\/uploads\/2024\/05\/4-Banner-BLOG-piu-largo-1-768x263.jpg 768w, https:\/\/www.zappyrent.com\/wp\/app\/uploads\/2024\/05\/4-Banner-BLOG-piu-largo-1-1536x526.jpg 1536w, https:\/\/www.zappyrent.com\/wp\/app\/uploads\/2024\/05\/4-Banner-BLOG-piu-largo-1-150x51.jpg 150w\" sizes=\"(max-width: 2000px) 100vw, 2000px\" \/><\/a><\/p>\n<h2>Riforma ISEE 2024: i limiti dell&#8217;indicatore<\/h2>\n<p>Commenti sull&#8217;incontro sono arrivati anche dal Presidente del Forum delle Associazioni Familiari Bordignon. Ha specificato la richiesta, realt\u00e0 da molti anni, di una<strong> riforma dell&#8217;ISEE<\/strong>.<\/p>\n<p>Ha altres\u00ec fatto presente che, ormai da tempo, il Forum pone l&#8217;accento sui<strong> numerosi limiti dell&#8217;indicatore,<\/strong> a partire dalle <strong>scale di equivalenza,<\/strong> per arrivare all&#8217;<strong>impatto pesante della prima casa<\/strong> e al riferimento ai <strong>redditi netti invece che a quelli lordi.<\/strong><\/p>\n<p>La presidenza del Forum ha salutato con soddisfazione la disponibilit\u00e0 dei viceministri all&#8217;organizzazione del gi\u00e0 menzionato tavolo di lavoro interministeriale.<\/p>\n","protected":false},"excerpt":{"rendered":"<p>Il Governo Meloni sta ipotizzando una riforma dell&#8217;ISEE, cambiamento che potrebbe avere un impatto sul<\/p>\n","protected":false},"author":4,"featured_media":4592,"comment_status":"closed","ping_status":"closed","sticky":false,"template":"","format":"standard","meta":{"_yoast_wpseo_focuskw":"","_yoast_wpseo_title":"","_yoast_wpseo_metadesc":"","_mo_disable_npp":"","_uag_custom_page_level_css":"","_lmt_disableupdate":"no","_lmt_disable":"no","_mbp_gutenberg_autopost":false,"footnotes":""},"categories":[9],"tags":[],"class_list":["post-4591","post","type-post","status-publish","format-standard","has-post-thumbnail","hentry","category-blog"],"yoast_head":"<!-- This site is optimized with the Yoast SEO plugin v23.4 - https:\/\/yoast.com\/wordpress\/plugins\/seo\/ -->\n<title>Riforma dell&#039;ISEE, l&#039;ipotesi al vaglio del Governo: meno peso per la prima casa<\/title>\n<meta name=\"robots\" content=\"index, follow, max-snippet:-1, max-image-preview:large, max-video-preview:-1\" \/>\n<link rel=\"canonical\" href=\"https:\/\/www.zappyrent.com\/it\/blog\/riforma-dellisee-cambiamenti-prima-casa\/\" \/>\n<meta property=\"og:locale\" content=\"it_IT\" \/>\n<meta property=\"og:type\" content=\"article\" \/>\n<meta property=\"og:title\" content=\"Riforma dell&#039;ISEE, l&#039;ipotesi al vaglio del Governo: meno peso per la prima casa\" \/>\n<meta property=\"og:description\" content=\"Il Governo Meloni sta ipotizzando una riforma dell&#8217;ISEE, cambiamento che potrebbe avere un impatto sul\" \/>\n<meta property=\"og:url\" content=\"https:\/\/www.zappyrent.com\/it\/blog\/riforma-dellisee-cambiamenti-prima-casa\/\" \/>\n<meta property=\"article:publisher\" content=\"https:\/\/www.facebook.com\/Zappyrent\/\" \/>\n<meta property=\"article:published_time\" content=\"2024-02-22T20:19:58+00:00\" \/>\n<meta property=\"article:modified_time\" content=\"2024-05-29T14:06:03+00:00\" \/>\n<meta property=\"og:image\" content=\"https:\/\/www.zappyrent.com\/wp\/app\/uploads\/2024\/02\/riforma-dellisee.jpg\" \/>\n\t<meta property=\"og:image:width\" content=\"1920\" \/>\n\t<meta property=\"og:image:height\" content=\"1080\" \/>\n\t<meta property=\"og:image:type\" content=\"image\/jpeg\" \/>\n<meta name=\"author\" content=\"Zappyrent\" \/>\n<meta name=\"twitter:card\" content=\"summary_large_image\" \/>\n<meta name=\"twitter:label1\" content=\"Written by\" \/>\n\t<meta name=\"twitter:data1\" content=\"Zappyrent\" \/>\n\t<meta name=\"twitter:label2\" content=\"Est. reading time\" \/>\n\t<meta name=\"twitter:data2\" content=\"3 minuti\" \/>\n<script type=\"application\/ld+json\" class=\"yoast-schema-graph\">{\"@context\":\"https:\/\/schema.org\",\"@graph\":[{\"@type\":\"Article\",\"@id\":\"https:\/\/www.zappyrent.com\/it\/blog\/riforma-dellisee-cambiamenti-prima-casa\/#article\",\"isPartOf\":{\"@id\":\"https:\/\/www.zappyrent.com\/it\/blog\/riforma-dellisee-cambiamenti-prima-casa\/\"},\"author\":{\"name\":\"Zappyrent\",\"@id\":\"https:\/\/www.zappyrent.com\/it\/#\/schema\/person\/525ab92f63452450dde3867c7d059f26\"},\"headline\":\"Riforma dell&#8217;ISEE, l&#8217;ipotesi al vaglio del Governo: meno peso per la prima casa\",\"datePublished\":\"2024-02-22T20:19:58+00:00\",\"dateModified\":\"2024-05-29T14:06:03+00:00\",\"mainEntityOfPage\":{\"@id\":\"https:\/\/www.zappyrent.com\/it\/blog\/riforma-dellisee-cambiamenti-prima-casa\/\"},\"wordCount\":617,\"publisher\":{\"@id\":\"https:\/\/www.zappyrent.com\/it\/#organization\"},\"image\":{\"@id\":\"https:\/\/www.zappyrent.com\/it\/blog\/riforma-dellisee-cambiamenti-prima-casa\/#primaryimage\"},\"thumbnailUrl\":\"https:\/\/www.zappyrent.com\/wp\/app\/uploads\/2024\/02\/riforma-dellisee.jpg\",\"articleSection\":[\"Blog\"],\"inLanguage\":\"it-IT\"},{\"@type\":\"WebPage\",\"@id\":\"https:\/\/www.zappyrent.com\/it\/blog\/riforma-dellisee-cambiamenti-prima-casa\/\",\"url\":\"https:\/\/www.zappyrent.com\/it\/blog\/riforma-dellisee-cambiamenti-prima-casa\/\",\"name\":\"Riforma dell'ISEE, l'ipotesi al vaglio del Governo: meno peso per la prima casa\",\"isPartOf\":{\"@id\":\"https:\/\/www.zappyrent.com\/it\/#website\"},\"primaryImageOfPage\":{\"@id\":\"https:\/\/www.zappyrent.com\/it\/blog\/riforma-dellisee-cambiamenti-prima-casa\/#primaryimage\"},\"image\":{\"@id\":\"https:\/\/www.zappyrent.com\/it\/blog\/riforma-dellisee-cambiamenti-prima-casa\/#primaryimage\"},\"thumbnailUrl\":\"https:\/\/www.zappyrent.com\/wp\/app\/uploads\/2024\/02\/riforma-dellisee.jpg\",\"datePublished\":\"2024-02-22T20:19:58+00:00\",\"dateModified\":\"2024-05-29T14:06:03+00:00\",\"breadcrumb\":{\"@id\":\"https:\/\/www.zappyrent.com\/it\/blog\/riforma-dellisee-cambiamenti-prima-casa\/#breadcrumb\"},\"inLanguage\":\"it-IT\",\"potentialAction\":[{\"@type\":\"ReadAction\",\"target\":[\"https:\/\/www.zappyrent.com\/it\/blog\/riforma-dellisee-cambiamenti-prima-casa\/\"]}]},{\"@type\":\"ImageObject\",\"inLanguage\":\"it-IT\",\"@id\":\"https:\/\/www.zappyrent.com\/it\/blog\/riforma-dellisee-cambiamenti-prima-casa\/#primaryimage\",\"url\":\"https:\/\/www.zappyrent.com\/wp\/app\/uploads\/2024\/02\/riforma-dellisee.jpg\",\"contentUrl\":\"https:\/\/www.zappyrent.com\/wp\/app\/uploads\/2024\/02\/riforma-dellisee.jpg\",\"width\":1920,\"height\":1080,\"caption\":\"riforma dell'isee\"},{\"@type\":\"BreadcrumbList\",\"@id\":\"https:\/\/www.zappyrent.com\/it\/blog\/riforma-dellisee-cambiamenti-prima-casa\/#breadcrumb\",\"itemListElement\":[{\"@type\":\"ListItem\",\"position\":1,\"name\":\"Home\",\"item\":\"https:\/\/www.zappyrent.com\/it\/\"},{\"@type\":\"ListItem\",\"position\":2,\"name\":\"Riforma dell&#8217;ISEE, l&#8217;ipotesi al vaglio del Governo: meno peso per la prima casa\"}]},{\"@type\":\"WebSite\",\"@id\":\"https:\/\/www.zappyrent.com\/it\/#website\",\"url\":\"https:\/\/www.zappyrent.com\/it\/\",\"name\":\"https:\/\/www.zappyrent.com\/it\/blog\/\",\"description\":\"\",\"publisher\":{\"@id\":\"https:\/\/www.zappyrent.com\/it\/#organization\"},\"potentialAction\":[{\"@type\":\"SearchAction\",\"target\":{\"@type\":\"EntryPoint\",\"urlTemplate\":\"https:\/\/www.zappyrent.com\/it\/?s={search_term_string}\"},\"query-input\":{\"@type\":\"PropertyValueSpecification\",\"valueRequired\":true,\"valueName\":\"search_term_string\"}}],\"inLanguage\":\"it-IT\"},{\"@type\":\"Organization\",\"@id\":\"https:\/\/www.zappyrent.com\/it\/#organization\",\"name\":\"Zappyrent\",\"url\":\"https:\/\/www.zappyrent.com\/it\/\",\"logo\":{\"@type\":\"ImageObject\",\"inLanguage\":\"it-IT\",\"@id\":\"https:\/\/www.zappyrent.com\/it\/#\/schema\/logo\/image\/\",\"url\":\"https:\/\/www.zappyrent.com\/wp\/app\/uploads\/2024\/05\/cropped-ZAPPYRENT-IL-BLOG-1.png\",\"contentUrl\":\"https:\/\/www.zappyrent.com\/wp\/app\/uploads\/2024\/05\/cropped-ZAPPYRENT-IL-BLOG-1.png\",\"width\":2808,\"height\":1022,\"caption\":\"Zappyrent\"},\"image\":{\"@id\":\"https:\/\/www.zappyrent.com\/it\/#\/schema\/logo\/image\/\"},\"sameAs\":[\"https:\/\/www.facebook.com\/Zappyrent\/\",\"https:\/\/www.instagram.com\/zappyrent\/\"]},{\"@type\":\"Person\",\"@id\":\"https:\/\/www.zappyrent.com\/it\/#\/schema\/person\/525ab92f63452450dde3867c7d059f26\",\"name\":\"Zappyrent\",\"image\":{\"@type\":\"ImageObject\",\"inLanguage\":\"it-IT\",\"@id\":\"https:\/\/www.zappyrent.com\/it\/#\/schema\/person\/image\/\",\"url\":\"https:\/\/secure.gravatar.com\/avatar\/7648dbed32cdf99b82d07cb0b8ce9fe7?s=96&d=mm&r=g\",\"contentUrl\":\"https:\/\/secure.gravatar.com\/avatar\/7648dbed32cdf99b82d07cb0b8ce9fe7?s=96&d=mm&r=g\",\"caption\":\"Zappyrent\"},\"url\":\"https:\/\/www.zappyrent.com\/it\/author\/sebastiano\/\"}]}<\/script>\n<!-- \/ Yoast SEO plugin. -->","yoast_head_json":{"title":"Riforma dell'ISEE, l'ipotesi al vaglio del Governo: meno peso per la prima casa","robots":{"index":"index","follow":"follow","max-snippet":"max-snippet:-1","max-image-preview":"max-image-preview:large","max-video-preview":"max-video-preview:-1"},"canonical":"https:\/\/www.zappyrent.com\/it\/blog\/riforma-dellisee-cambiamenti-prima-casa\/","og_locale":"it_IT","og_type":"article","og_title":"Riforma dell'ISEE, l'ipotesi al vaglio del Governo: meno peso per la prima casa","og_description":"Il Governo Meloni sta ipotizzando una riforma dell&#8217;ISEE, cambiamento che potrebbe avere un impatto sul","og_url":"https:\/\/www.zappyrent.com\/it\/blog\/riforma-dellisee-cambiamenti-prima-casa\/","article_publisher":"https:\/\/www.facebook.com\/Zappyrent\/","article_published_time":"2024-02-22T20:19:58+00:00","article_modified_time":"2024-05-29T14:06:03+00:00","og_image":[{"width":1920,"height":1080,"url":"https:\/\/www.zappyrent.com\/wp\/app\/uploads\/2024\/02\/riforma-dellisee.jpg","type":"image\/jpeg"}],"author":"Zappyrent","twitter_card":"summary_large_image","twitter_misc":{"Written by":"Zappyrent","Est. reading time":"3 minuti"},"schema":{"@context":"https:\/\/schema.org","@graph":[{"@type":"Article","@id":"https:\/\/www.zappyrent.com\/it\/blog\/riforma-dellisee-cambiamenti-prima-casa\/#article","isPartOf":{"@id":"https:\/\/www.zappyrent.com\/it\/blog\/riforma-dellisee-cambiamenti-prima-casa\/"},"author":{"name":"Zappyrent","@id":"https:\/\/www.zappyrent.com\/it\/#\/schema\/person\/525ab92f63452450dde3867c7d059f26"},"headline":"Riforma dell&#8217;ISEE, l&#8217;ipotesi al vaglio del Governo: meno peso per la prima casa","datePublished":"2024-02-22T20:19:58+00:00","dateModified":"2024-05-29T14:06:03+00:00","mainEntityOfPage":{"@id":"https:\/\/www.zappyrent.com\/it\/blog\/riforma-dellisee-cambiamenti-prima-casa\/"},"wordCount":617,"publisher":{"@id":"https:\/\/www.zappyrent.com\/it\/#organization"},"image":{"@id":"https:\/\/www.zappyrent.com\/it\/blog\/riforma-dellisee-cambiamenti-prima-casa\/#primaryimage"},"thumbnailUrl":"https:\/\/www.zappyrent.com\/wp\/app\/uploads\/2024\/02\/riforma-dellisee.jpg","articleSection":["Blog"],"inLanguage":"it-IT"},{"@type":"WebPage","@id":"https:\/\/www.zappyrent.com\/it\/blog\/riforma-dellisee-cambiamenti-prima-casa\/","url":"https:\/\/www.zappyrent.com\/it\/blog\/riforma-dellisee-cambiamenti-prima-casa\/","name":"Riforma dell'ISEE, l'ipotesi al vaglio del Governo: meno peso per la prima casa","isPartOf":{"@id":"https:\/\/www.zappyrent.com\/it\/#website"},"primaryImageOfPage":{"@id":"https:\/\/www.zappyrent.com\/it\/blog\/riforma-dellisee-cambiamenti-prima-casa\/#primaryimage"},"image":{"@id":"https:\/\/www.zappyrent.com\/it\/blog\/riforma-dellisee-cambiamenti-prima-casa\/#primaryimage"},"thumbnailUrl":"https:\/\/www.zappyrent.com\/wp\/app\/uploads\/2024\/02\/riforma-dellisee.jpg","datePublished":"2024-02-22T20:19:58+00:00","dateModified":"2024-05-29T14:06:03+00:00","breadcrumb":{"@id":"https:\/\/www.zappyrent.com\/it\/blog\/riforma-dellisee-cambiamenti-prima-casa\/#breadcrumb"},"inLanguage":"it-IT","potentialAction":[{"@type":"ReadAction","target":["https:\/\/www.zappyrent.com\/it\/blog\/riforma-dellisee-cambiamenti-prima-casa\/"]}]},{"@type":"ImageObject","inLanguage":"it-IT","@id":"https:\/\/www.zappyrent.com\/it\/blog\/riforma-dellisee-cambiamenti-prima-casa\/#primaryimage","url":"https:\/\/www.zappyrent.com\/wp\/app\/uploads\/2024\/02\/riforma-dellisee.jpg","contentUrl":"https:\/\/www.zappyrent.com\/wp\/app\/uploads\/2024\/02\/riforma-dellisee.jpg","width":1920,"height":1080,"caption":"riforma dell'isee"},{"@type":"BreadcrumbList","@id":"https:\/\/www.zappyrent.com\/it\/blog\/riforma-dellisee-cambiamenti-prima-casa\/#breadcrumb","itemListElement":[{"@type":"ListItem","position":1,"name":"Home","item":"https:\/\/www.zappyrent.com\/it\/"},{"@type":"ListItem","position":2,"name":"Riforma dell&#8217;ISEE, l&#8217;ipotesi al vaglio del Governo: meno peso per la prima casa"}]},{"@type":"WebSite","@id":"https:\/\/www.zappyrent.com\/it\/#website","url":"https:\/\/www.zappyrent.com\/it\/","name":"https:\/\/www.zappyrent.com\/it\/blog\/","description":"","publisher":{"@id":"https:\/\/www.zappyrent.com\/it\/#organization"},"potentialAction":[{"@type":"SearchAction","target":{"@type":"EntryPoint","urlTemplate":"https:\/\/www.zappyrent.com\/it\/?s={search_term_string}"},"query-input":{"@type":"PropertyValueSpecification","valueRequired":true,"valueName":"search_term_string"}}],"inLanguage":"it-IT"},{"@type":"Organization","@id":"https:\/\/www.zappyrent.com\/it\/#organization","name":"Zappyrent","url":"https:\/\/www.zappyrent.com\/it\/","logo":{"@type":"ImageObject","inLanguage":"it-IT","@id":"https:\/\/www.zappyrent.com\/it\/#\/schema\/logo\/image\/","url":"https:\/\/www.zappyrent.com\/wp\/app\/uploads\/2024\/05\/cropped-ZAPPYRENT-IL-BLOG-1.png","contentUrl":"https:\/\/www.zappyrent.com\/wp\/app\/uploads\/2024\/05\/cropped-ZAPPYRENT-IL-BLOG-1.png","width":2808,"height":1022,"caption":"Zappyrent"},"image":{"@id":"https:\/\/www.zappyrent.com\/it\/#\/schema\/logo\/image\/"},"sameAs":["https:\/\/www.facebook.com\/Zappyrent\/","https:\/\/www.instagram.com\/zappyrent\/"]},{"@type":"Person","@id":"https:\/\/www.zappyrent.com\/it\/#\/schema\/person\/525ab92f63452450dde3867c7d059f26","name":"Zappyrent","image":{"@type":"ImageObject","inLanguage":"it-IT","@id":"https:\/\/www.zappyrent.com\/it\/#\/schema\/person\/image\/","url":"https:\/\/secure.gravatar.com\/avatar\/7648dbed32cdf99b82d07cb0b8ce9fe7?s=96&d=mm&r=g","contentUrl":"https:\/\/secure.gravatar.com\/avatar\/7648dbed32cdf99b82d07cb0b8ce9fe7?s=96&d=mm&r=g","caption":"Zappyrent"},"url":"https:\/\/www.zappyrent.com\/it\/author\/sebastiano\/"}]}},"modified_by":"zappy","uagb_featured_image_src":{"full":["https:\/\/www.zappyrent.com\/wp\/app\/uploads\/2024\/02\/riforma-dellisee.jpg",1920,1080,false],"thumbnail":["https:\/\/www.zappyrent.com\/wp\/app\/uploads\/2024\/02\/riforma-dellisee-150x150.jpg",150,150,true],"medium":["https:\/\/www.zappyrent.com\/wp\/app\/uploads\/2024\/02\/riforma-dellisee-600x338.jpg",600,338,true],"medium_large":["https:\/\/www.zappyrent.com\/wp\/app\/uploads\/2024\/02\/riforma-dellisee-768x432.jpg",640,360,true],"large":["https:\/\/www.zappyrent.com\/wp\/app\/uploads\/2024\/02\/riforma-dellisee-1200x675.jpg",640,360,true],"1536x1536":["https:\/\/www.zappyrent.com\/wp\/app\/uploads\/2024\/02\/riforma-dellisee-1536x864.jpg",1536,864,true],"2048x2048":["https:\/\/www.zappyrent.com\/wp\/app\/uploads\/2024\/02\/riforma-dellisee.jpg",1920,1080,false],"pgmb-post-image":["https:\/\/www.zappyrent.com\/wp\/app\/uploads\/2024\/02\/riforma-dellisee-1200x675.jpg",1200,675,true],"prefer-thumbnail-size":["https:\/\/www.zappyrent.com\/wp\/app\/uploads\/2024\/02\/riforma-dellisee-800x800.jpg",800,800,true],"prefer-related-size":["https:\/\/www.zappyrent.com\/wp\/app\/uploads\/2024\/02\/riforma-dellisee-600x400.jpg",600,400,true],"prefer-promo-post":["https:\/\/www.zappyrent.com\/wp\/app\/uploads\/2024\/02\/riforma-dellisee-800x500.jpg",800,500,true],"prefer-related-post-thumbnails":["https:\/\/www.zappyrent.com\/wp\/app\/uploads\/2024\/02\/riforma-dellisee-850x550.jpg",850,550,true],"mailpoet_newsletter_max":["https:\/\/www.zappyrent.com\/wp\/app\/uploads\/2024\/02\/riforma-dellisee.jpg",1320,743,false],"web-stories-poster-portrait":["https:\/\/www.zappyrent.com\/wp\/app\/uploads\/2024\/02\/riforma-dellisee-640x853.jpg",640,853,true],"web-stories-publisher-logo":["https:\/\/www.zappyrent.com\/wp\/app\/uploads\/2024\/02\/riforma-dellisee-96x96.jpg",96,96,true],"web-stories-thumbnail":["https:\/\/www.zappyrent.com\/wp\/app\/uploads\/2024\/02\/riforma-dellisee-150x84.jpg",150,84,true]},"uagb_author_info":{"display_name":"Zappyrent","author_link":"https:\/\/www.zappyrent.com\/it\/author\/sebastiano\/"},"uagb_comment_info":0,"uagb_excerpt":"Il Governo Meloni sta ipotizzando una riforma dell&#8217;ISEE, cambiamento che potrebbe avere un impatto sul","_links":{"self":[{"href":"https:\/\/www.zappyrent.com\/it\/wp-json\/wp\/v2\/posts\/4591"}],"collection":[{"href":"https:\/\/www.zappyrent.com\/it\/wp-json\/wp\/v2\/posts"}],"about":[{"href":"https:\/\/www.zappyrent.com\/it\/wp-json\/wp\/v2\/types\/post"}],"author":[{"embeddable":true,"href":"https:\/\/www.zappyrent.com\/it\/wp-json\/wp\/v2\/users\/4"}],"replies":[{"embeddable":true,"href":"https:\/\/www.zappyrent.com\/it\/wp-json\/wp\/v2\/comments?post=4591"}],"version-history":[{"count":5,"href":"https:\/\/www.zappyrent.com\/it\/wp-json\/wp\/v2\/posts\/4591\/revisions"}],"predecessor-version":[{"id":5086,"href":"https:\/\/www.zappyrent.com\/it\/wp-json\/wp\/v2\/posts\/4591\/revisions\/5086"}],"wp:featuredmedia":[{"embeddable":true,"href":"https:\/\/www.zappyrent.com\/it\/wp-json\/wp\/v2\/media\/4592"}],"wp:attachment":[{"href":"https:\/\/www.zappyrent.com\/it\/wp-json\/wp\/v2\/media?parent=4591"}],"wp:term":[{"taxonomy":"category","embeddable":true,"href":"https:\/\/www.zappyrent.com\/it\/wp-json\/wp\/v2\/categories?post=4591"},{"taxonomy":"post_tag","embeddable":true,"href":"https:\/\/www.zappyrent.com\/it\/wp-json\/wp\/v2\/tags?post=4591"}],"curies":[{"name":"wp","href":"https:\/\/api.w.org\/{rel}","templated":true}]}}