{"id":4443,"date":"2023-12-29T08:00:47","date_gmt":"2023-12-29T07:00:47","guid":{"rendered":"https:\/\/www.zappyrent.com\/?p=4443"},"modified":"2024-07-16T15:32:32","modified_gmt":"2024-07-16T13:32:32","slug":"canoni-di-locazione-a-milano-quartieri-crescita-maggiore","status":"publish","type":"post","link":"https:\/\/www.zappyrent.com\/it\/blog\/canoni-di-locazione-a-milano-quartieri-crescita-maggiore\/","title":{"rendered":"Canoni di locazione a Milano: in quali quartieri crescono di pi\u00f9?"},"content":{"rendered":"<p>Il tema dei canoni di locazione a Milano ha tenuto banco nel corso dell&#8217;anno che sta per finire.<\/p>\n<p>La problematica principale? Il loro essere <strong><b>molto alti <\/b><\/strong>e sostanzialmente inaccessibile per una fetta sempre pi\u00f9 ampia di persone. Il loro incremento \u00e8 stato spiegato in diversi modi. <strong><b>C\u2019\u00e8 chi ha puntato il dito contro gli affitti brevi<\/b><\/strong>. Il loro ruolo va ridimensionato.<\/p>\n<p>A dimostrarlo ci pensano i dati divulgati dalla piattaforma <em><i>I<\/i><\/em><a href=\"http:\/\/insideairbnb.com\/milan\/\"><em><u><i>nside Airbnb<\/i><\/u><\/em><\/a>, che parlano di un 3% circa dello stock immobiliare milanese dedicato alle locazioni brevi. Di <strong><b>proposte istituzionali<\/b><\/strong>\u00a0ne sono arrivate diverse nel corso degli anni.<\/p>\n<p><a href=\"https:\/\/get.zappyrent.com\/steps2_blog\/?utm_source=organic&amp;utm_medium=blog&amp;utm_campaign=locatore&amp;tr=lead_blog_protezione_locatore\"><img fetchpriority=\"high\" decoding=\"async\" class=\"alignnone wp-image-5013 size-full\" src=\"https:\/\/www.zappyrent.com\/wp\/app\/uploads\/2024\/05\/4-Banner-BLOG-piu-largo-1.jpg\" alt=\"appartamentoinaffitto\" width=\"2000\" height=\"685\" srcset=\"https:\/\/www.zappyrent.com\/wp\/app\/uploads\/2024\/05\/4-Banner-BLOG-piu-largo-1.jpg 2000w, https:\/\/www.zappyrent.com\/wp\/app\/uploads\/2024\/05\/4-Banner-BLOG-piu-largo-1-600x206.jpg 600w, https:\/\/www.zappyrent.com\/wp\/app\/uploads\/2024\/05\/4-Banner-BLOG-piu-largo-1-1200x411.jpg 1200w, https:\/\/www.zappyrent.com\/wp\/app\/uploads\/2024\/05\/4-Banner-BLOG-piu-largo-1-768x263.jpg 768w, https:\/\/www.zappyrent.com\/wp\/app\/uploads\/2024\/05\/4-Banner-BLOG-piu-largo-1-1536x526.jpg 1536w, https:\/\/www.zappyrent.com\/wp\/app\/uploads\/2024\/05\/4-Banner-BLOG-piu-largo-1-150x51.jpg 150w\" sizes=\"(max-width: 2000px) 100vw, 2000px\" \/><\/a>Tra queste \u00e8 possibile includere, per esempio, l\u2019<strong><b>idea di destinare al social housing il 40% dei nuovi progetti edilizi di estensione superiore ai 5000 metri quadri.<\/b><\/strong><\/p>\n<p>C\u2019\u00e8 chi critica anche le recenti strette alle locazioni brevi e le misure sulla <a href=\"https:\/\/www.zappyrent.com\/it\/blog\/cedolare-secca-26-affitti-brevi-seconde-case\/\"><u>cedolare secca<\/u><\/a>, sottolineando il rischio di incremento delle transazioni in nero e di riduzione generale dell\u2019appeal della suddetta tipologia di contratto.<\/p>\n<p>Doveroso, infatti, \u00e8 ricordare anche la <strong><b>problematica degli alloggi lasciati vuoti a causa del timore di trovarsi con un inquilino insolvente<\/b><\/strong>\u00a0(criticit\u00e0 che, come puoi leggere qui, viene eliminata con la formula <a href=\"https:\/\/www.zappyrent.com\/it\/protezione-zappyrent\"><u>Protezione Zappyrent<\/u><\/a>, che garantisce il pagamento del canone ogni mese, anche in caso di insolvenza da parte del locatario).<\/p>\n<h2><strong><b>Come \u00e8 cambiata la situazione nel corso dell\u2019anno e il confronto con le quotazioni delle case in vendita <\/b><\/strong><\/h2>\n<p><strong><b>Come \u00e8 cambiata<\/b><\/strong>, <strong><b>nel corso dell\u2019anno<\/b><\/strong>\u00a0che stiamo per lasciare, la<strong><b>\u00a0situazione dei canoni di locazione a Milano (parliamo sempre del comparto residenziale)? <\/b><\/strong><\/p>\n<p>A evidenziarlo ci ha pensato l\u2019ufficio studi del portale Idealista, che ha parlato,<strong><b>\u00a0a inizio dicembre, di una media di 22,9 euro al metro quadro al mese.<\/b><\/strong><\/p>\n<p><strong><b>\u00a0<\/b><\/strong>A conti fatti,<strong><b>\u00a0per un appartamento di 70 metri quadri, ideale per una coppia, all\u2019inizio del mese si pagavano, sotto la Madonnina, circa 1600 euro al mese.<\/b><\/strong><\/p>\n<p>Confrontando la situazione della locazione con un mutuo a scadenza trentennale, ad oggi \u00e8 possibile considerare, con la somma sopra citata, il rimborso di un piano complessivo di 350 mila euro.<\/p>\n<p>Anche confrontare l<strong><b>\u2019incremento dei canoni di locazione a Milano<\/b><\/strong>\u00a0con quello dei prezzi al metro quadro delle case in vendita nel capoluogo lombardo fa riflettere.<\/p>\n<p><a href=\"https:\/\/get.zappyrent.com\/steps2_blog\/?utm_source=organic&amp;utm_medium=blog&amp;utm_campaign=locatore&amp;tr=lead_blog_protezione_locatore\"><img decoding=\"async\" class=\"alignnone wp-image-5011 size-full\" src=\"https:\/\/www.zappyrent.com\/wp\/app\/uploads\/2024\/05\/2-Banner-BLOG-5.jpg\" alt=\"appartamento-in-affitto\" width=\"2000\" height=\"625\" srcset=\"https:\/\/www.zappyrent.com\/wp\/app\/uploads\/2024\/05\/2-Banner-BLOG-5.jpg 2000w, https:\/\/www.zappyrent.com\/wp\/app\/uploads\/2024\/05\/2-Banner-BLOG-5-600x188.jpg 600w, https:\/\/www.zappyrent.com\/wp\/app\/uploads\/2024\/05\/2-Banner-BLOG-5-1200x375.jpg 1200w, https:\/\/www.zappyrent.com\/wp\/app\/uploads\/2024\/05\/2-Banner-BLOG-5-768x240.jpg 768w, https:\/\/www.zappyrent.com\/wp\/app\/uploads\/2024\/05\/2-Banner-BLOG-5-1536x480.jpg 1536w, https:\/\/www.zappyrent.com\/wp\/app\/uploads\/2024\/05\/2-Banner-BLOG-5-150x47.jpg 150w\" sizes=\"(max-width: 2000px) 100vw, 2000px\" \/><\/a>I primi, su base annua, sono stati interessati da un incremento del 10,7%. Le quotazioni degli immobili in vendita nel segmento residenziale, invece, sono aumentate, sempre su base annua, dell\u20191,7%.<\/p>\n<p>I numeri in questione vanno guardati considerando anche un altro aspetto. Quale di preciso? L\u2019<strong><b>impossibilit\u00e0, lato canoni di locazione, di procedere a trattative.<\/b><\/strong><\/p>\n<p>Entrando nel vivo dei numeri specifici delle zone, si ricorda che il record spetta al centro storico che, a inizio dicembre, spiccava per<strong><b>\u00a0canoni di locazione a Milano <\/b><\/strong>superiore ai <strong><b>34 euro al metro quadro al mese.<\/b><\/strong><\/p>\n<p>Rispetto a dicembre 2022, si pu\u00f2 parlare di una variazione per eccesso pari al 16,9%.<\/p>\n<p>Il centro storico di Milano pu\u00f2 essere definito a tutti gli effetti una macro zona. All\u2019interno di quest\u2019ultima, \u00e8 possibile trovare<strong><b> zone dove, di recente, i canoni di locazione sotto la Madonnina hanno \u00a0superato i 38 euro mensili al metro quadro.<\/b><\/strong><\/p>\n<p>Questo \u00e8 il caso, per esempio, del<strong>l\u2019area di Brera<\/strong> e di quella di <strong>Via Montenapoleone<\/strong>, il cuore del quadrilatero della moda milanese. Anche in questo frangente, si ha a che fare con un<strong> incremento annuale notevole, pari per la precisione al 12,8%<\/strong>.<\/p>\n<p>Degno di nota \u00e8 il caso della zona di <strong><b>Sant\u2019Ambrogio<\/b><\/strong>, che a inizio dicembre era contraddistinta da una<strong><b>\u00a0media dei canoni di locazione superiori ai 35 euro mensili al metro quadro, con un incremento su base annua pari al 26,7%.<\/b><\/strong><\/p>\n<p><strong><b>\u00a0<\/b><\/strong>Un\u2019altra area dove, nel corso dell\u2019ultimo anno, i canoni di locazione a Milano sono cresciuti in maniera sostenuta \u00e8 la<strong><b>\u00a0macro zona che comprende Trenno, l\u2019area di Figino e quella in prossimit\u00e0 di San Siro.<\/b><\/strong><\/p>\n<p><strong><b>\u00a0<\/b><\/strong><strong><b>A inizio dicembre, i canoni risultavano pari a 20 euro mensili al metro quadro <\/b><\/strong>e, dal punto di vista dell\u2019aumento su base annua, \u00e8 stato possibile riscontrare un incremento del 20,7%.<\/p>\n<h2><strong><b>Roma surclassa Milano: \u00e8 la Capitale la citt\u00e0 pi\u00f9 amata da chi cerca casa in affitto (e non solo)<\/b><\/strong><\/h2>\n<p>Sono sempre di pi\u00f9 le persone che scelgono, tra i canoni di locazione a Milano e quelli a Roma, i secondi.<\/p>\n<p><strong><b>Chi \u00e8 alla ricerca della casa perfetta per vivere<\/b><\/strong>\u00a0&#8211; in affitto, ma anche da comprare &#8211; sceglie di <strong><b>prendere in esame le proposte della Capitale piuttosto che quelle di Milano.<\/b><\/strong><\/p>\n<p><strong><b>\u00a0<\/b><\/strong>Come evidenziato dal portale Immobiliare.it, <strong><b>circa il 14% di chi cerca casa in affitto si focalizza sulla piazza capitolina.<\/b><\/strong><\/p>\n<p><strong><b>Le zone pi\u00f9 gettonate? Quella di Talenti, di Nuovo Salario e di Monte Sacro<\/b><\/strong>. In tutti i casi, si tratta di aree della citt\u00e0 residenziali e ricche di servizi.<\/p>\n<p><strong><b>Sia a Roma, sia a Milano<\/b><\/strong>, chi ha cercato un immobile in affitto o da acquistare ha preso in considerazione un criterio: la <strong><b>vicinanza rispetto alla metropolitana.<\/b><\/strong><\/p>\n<p>Nella Capitale, tra le aree pi\u00f9 richieste nell\u2019ambito di quelle non lontane dalle fermate della metropolitana troviamo <strong><b>San Giovanni<\/b><\/strong>, vantaggiosa in quanto permette di scegliere tra la linea A e la linea C.<\/p>\n<p>A Milano, invece, la supremazia spetta a<strong><b>\u00a0Loreto<\/b><\/strong>, snodo importantissimo per via dell\u2019incrocio tra la linea verde e la linea rossa &#8211; lungo quest\u2019ultima \u00e8 presente la fermata Duomo &#8211; e per la vicinanza rispetto alla fermata Centrale, il principale scalo ferroviario della citt\u00e0.<\/p>\n<p><a href=\"https:\/\/get.zappyrent.com\/steps2_blog\/?utm_source=organic&amp;utm_medium=blog&amp;utm_campaign=locatore&amp;tr=lead_blog_protezione_locatore\"><img fetchpriority=\"high\" decoding=\"async\" class=\"alignnone wp-image-5013 size-full\" src=\"https:\/\/www.zappyrent.com\/wp\/app\/uploads\/2024\/05\/4-Banner-BLOG-piu-largo-1.jpg\" alt=\"appartamentoinaffitto\" width=\"2000\" height=\"685\" srcset=\"https:\/\/www.zappyrent.com\/wp\/app\/uploads\/2024\/05\/4-Banner-BLOG-piu-largo-1.jpg 2000w, https:\/\/www.zappyrent.com\/wp\/app\/uploads\/2024\/05\/4-Banner-BLOG-piu-largo-1-600x206.jpg 600w, https:\/\/www.zappyrent.com\/wp\/app\/uploads\/2024\/05\/4-Banner-BLOG-piu-largo-1-1200x411.jpg 1200w, https:\/\/www.zappyrent.com\/wp\/app\/uploads\/2024\/05\/4-Banner-BLOG-piu-largo-1-768x263.jpg 768w, https:\/\/www.zappyrent.com\/wp\/app\/uploads\/2024\/05\/4-Banner-BLOG-piu-largo-1-1536x526.jpg 1536w, https:\/\/www.zappyrent.com\/wp\/app\/uploads\/2024\/05\/4-Banner-BLOG-piu-largo-1-150x51.jpg 150w\" sizes=\"(max-width: 2000px) 100vw, 2000px\" \/><\/a><\/p>\n<h2><strong><b>Il nodo dei budget<\/b><\/strong><\/h2>\n<p>L\u2019indagine ha preso in considerazione anche <strong><b>il budget massimo che chi cerca casa in affitto \u00e8 pronto ad allocare. <\/b><\/strong>Sia che si parli di canoni di locazione a Milano, sia che si inquadrino quelli romani, la cifra massima \u00e8 <strong><b>attorno ai 1000 euro mensili.<\/b><\/strong><\/p>\n","protected":false},"excerpt":{"rendered":"<p>Il tema dei canoni di locazione a Milano ha tenuto banco nel corso dell&#8217;anno che<\/p>\n","protected":false},"author":4,"featured_media":4449,"comment_status":"closed","ping_status":"closed","sticky":false,"template":"","format":"standard","meta":{"_yoast_wpseo_focuskw":"","_yoast_wpseo_title":"","_yoast_wpseo_metadesc":"","_mo_disable_npp":"","_uag_custom_page_level_css":"","_lmt_disableupdate":"no","_lmt_disable":"no","_mbp_gutenberg_autopost":false,"footnotes":""},"categories":[9],"tags":[],"class_list":["post-4443","post","type-post","status-publish","format-standard","has-post-thumbnail","hentry","category-blog"],"yoast_head":"<!-- This site is optimized with the Yoast SEO plugin v23.4 - https:\/\/yoast.com\/wordpress\/plugins\/seo\/ -->\n<title>Canoni di locazione a Milano: in quali quartieri crescono di pi\u00f9?<\/title>\n<meta name=\"robots\" content=\"index, follow, max-snippet:-1, max-image-preview:large, max-video-preview:-1\" \/>\n<link rel=\"canonical\" href=\"https:\/\/www.zappyrent.com\/it\/blog\/canoni-di-locazione-a-milano-quartieri-crescita-maggiore\/\" \/>\n<meta property=\"og:locale\" content=\"it_IT\" \/>\n<meta property=\"og:type\" content=\"article\" \/>\n<meta property=\"og:title\" content=\"Canoni di locazione a Milano: in quali quartieri crescono di pi\u00f9?\" \/>\n<meta property=\"og:description\" content=\"Il tema dei canoni di locazione a Milano ha tenuto banco nel corso dell&#8217;anno che\" \/>\n<meta property=\"og:url\" content=\"https:\/\/www.zappyrent.com\/it\/blog\/canoni-di-locazione-a-milano-quartieri-crescita-maggiore\/\" \/>\n<meta property=\"article:publisher\" content=\"https:\/\/www.facebook.com\/Zappyrent\/\" \/>\n<meta property=\"article:published_time\" content=\"2023-12-29T07:00:47+00:00\" \/>\n<meta property=\"article:modified_time\" content=\"2024-07-16T13:32:32+00:00\" \/>\n<meta property=\"og:image\" content=\"https:\/\/www.zappyrent.com\/wp\/app\/uploads\/2023\/12\/canoni-di-locazione-a-milano-.jpg\" \/>\n\t<meta property=\"og:image:width\" content=\"1217\" \/>\n\t<meta property=\"og:image:height\" content=\"694\" \/>\n\t<meta property=\"og:image:type\" content=\"image\/jpeg\" \/>\n<meta name=\"author\" content=\"Zappyrent\" \/>\n<meta name=\"twitter:card\" content=\"summary_large_image\" \/>\n<meta name=\"twitter:label1\" content=\"Written by\" \/>\n\t<meta name=\"twitter:data1\" content=\"Zappyrent\" \/>\n\t<meta name=\"twitter:label2\" content=\"Est. reading time\" \/>\n\t<meta name=\"twitter:data2\" content=\"5 minuti\" \/>\n<script type=\"application\/ld+json\" class=\"yoast-schema-graph\">{\"@context\":\"https:\/\/schema.org\",\"@graph\":[{\"@type\":\"Article\",\"@id\":\"https:\/\/www.zappyrent.com\/it\/blog\/canoni-di-locazione-a-milano-quartieri-crescita-maggiore\/#article\",\"isPartOf\":{\"@id\":\"https:\/\/www.zappyrent.com\/it\/blog\/canoni-di-locazione-a-milano-quartieri-crescita-maggiore\/\"},\"author\":{\"name\":\"Zappyrent\",\"@id\":\"https:\/\/www.zappyrent.com\/it\/#\/schema\/person\/525ab92f63452450dde3867c7d059f26\"},\"headline\":\"Canoni di locazione a Milano: in quali quartieri crescono di pi\u00f9?\",\"datePublished\":\"2023-12-29T07:00:47+00:00\",\"dateModified\":\"2024-07-16T13:32:32+00:00\",\"mainEntityOfPage\":{\"@id\":\"https:\/\/www.zappyrent.com\/it\/blog\/canoni-di-locazione-a-milano-quartieri-crescita-maggiore\/\"},\"wordCount\":923,\"publisher\":{\"@id\":\"https:\/\/www.zappyrent.com\/it\/#organization\"},\"image\":{\"@id\":\"https:\/\/www.zappyrent.com\/it\/blog\/canoni-di-locazione-a-milano-quartieri-crescita-maggiore\/#primaryimage\"},\"thumbnailUrl\":\"https:\/\/www.zappyrent.com\/wp\/app\/uploads\/2023\/12\/canoni-di-locazione-a-milano-.jpg\",\"articleSection\":[\"Blog\"],\"inLanguage\":\"it-IT\"},{\"@type\":\"WebPage\",\"@id\":\"https:\/\/www.zappyrent.com\/it\/blog\/canoni-di-locazione-a-milano-quartieri-crescita-maggiore\/\",\"url\":\"https:\/\/www.zappyrent.com\/it\/blog\/canoni-di-locazione-a-milano-quartieri-crescita-maggiore\/\",\"name\":\"Canoni di locazione a Milano: in quali quartieri crescono di pi\u00f9?\",\"isPartOf\":{\"@id\":\"https:\/\/www.zappyrent.com\/it\/#website\"},\"primaryImageOfPage\":{\"@id\":\"https:\/\/www.zappyrent.com\/it\/blog\/canoni-di-locazione-a-milano-quartieri-crescita-maggiore\/#primaryimage\"},\"image\":{\"@id\":\"https:\/\/www.zappyrent.com\/it\/blog\/canoni-di-locazione-a-milano-quartieri-crescita-maggiore\/#primaryimage\"},\"thumbnailUrl\":\"https:\/\/www.zappyrent.com\/wp\/app\/uploads\/2023\/12\/canoni-di-locazione-a-milano-.jpg\",\"datePublished\":\"2023-12-29T07:00:47+00:00\",\"dateModified\":\"2024-07-16T13:32:32+00:00\",\"breadcrumb\":{\"@id\":\"https:\/\/www.zappyrent.com\/it\/blog\/canoni-di-locazione-a-milano-quartieri-crescita-maggiore\/#breadcrumb\"},\"inLanguage\":\"it-IT\",\"potentialAction\":[{\"@type\":\"ReadAction\",\"target\":[\"https:\/\/www.zappyrent.com\/it\/blog\/canoni-di-locazione-a-milano-quartieri-crescita-maggiore\/\"]}]},{\"@type\":\"ImageObject\",\"inLanguage\":\"it-IT\",\"@id\":\"https:\/\/www.zappyrent.com\/it\/blog\/canoni-di-locazione-a-milano-quartieri-crescita-maggiore\/#primaryimage\",\"url\":\"https:\/\/www.zappyrent.com\/wp\/app\/uploads\/2023\/12\/canoni-di-locazione-a-milano-.jpg\",\"contentUrl\":\"https:\/\/www.zappyrent.com\/wp\/app\/uploads\/2023\/12\/canoni-di-locazione-a-milano-.jpg\",\"width\":1217,\"height\":694,\"caption\":\"canoni di locazione a milano\"},{\"@type\":\"BreadcrumbList\",\"@id\":\"https:\/\/www.zappyrent.com\/it\/blog\/canoni-di-locazione-a-milano-quartieri-crescita-maggiore\/#breadcrumb\",\"itemListElement\":[{\"@type\":\"ListItem\",\"position\":1,\"name\":\"Home\",\"item\":\"https:\/\/www.zappyrent.com\/it\/\"},{\"@type\":\"ListItem\",\"position\":2,\"name\":\"Canoni di locazione a Milano: in quali quartieri crescono di pi\u00f9?\"}]},{\"@type\":\"WebSite\",\"@id\":\"https:\/\/www.zappyrent.com\/it\/#website\",\"url\":\"https:\/\/www.zappyrent.com\/it\/\",\"name\":\"https:\/\/www.zappyrent.com\/it\/blog\/\",\"description\":\"\",\"publisher\":{\"@id\":\"https:\/\/www.zappyrent.com\/it\/#organization\"},\"potentialAction\":[{\"@type\":\"SearchAction\",\"target\":{\"@type\":\"EntryPoint\",\"urlTemplate\":\"https:\/\/www.zappyrent.com\/it\/?s={search_term_string}\"},\"query-input\":{\"@type\":\"PropertyValueSpecification\",\"valueRequired\":true,\"valueName\":\"search_term_string\"}}],\"inLanguage\":\"it-IT\"},{\"@type\":\"Organization\",\"@id\":\"https:\/\/www.zappyrent.com\/it\/#organization\",\"name\":\"Zappyrent\",\"url\":\"https:\/\/www.zappyrent.com\/it\/\",\"logo\":{\"@type\":\"ImageObject\",\"inLanguage\":\"it-IT\",\"@id\":\"https:\/\/www.zappyrent.com\/it\/#\/schema\/logo\/image\/\",\"url\":\"https:\/\/www.zappyrent.com\/wp\/app\/uploads\/2024\/05\/cropped-ZAPPYRENT-IL-BLOG-1.png\",\"contentUrl\":\"https:\/\/www.zappyrent.com\/wp\/app\/uploads\/2024\/05\/cropped-ZAPPYRENT-IL-BLOG-1.png\",\"width\":2808,\"height\":1022,\"caption\":\"Zappyrent\"},\"image\":{\"@id\":\"https:\/\/www.zappyrent.com\/it\/#\/schema\/logo\/image\/\"},\"sameAs\":[\"https:\/\/www.facebook.com\/Zappyrent\/\",\"https:\/\/www.instagram.com\/zappyrent\/\"]},{\"@type\":\"Person\",\"@id\":\"https:\/\/www.zappyrent.com\/it\/#\/schema\/person\/525ab92f63452450dde3867c7d059f26\",\"name\":\"Zappyrent\",\"image\":{\"@type\":\"ImageObject\",\"inLanguage\":\"it-IT\",\"@id\":\"https:\/\/www.zappyrent.com\/it\/#\/schema\/person\/image\/\",\"url\":\"https:\/\/secure.gravatar.com\/avatar\/7648dbed32cdf99b82d07cb0b8ce9fe7?s=96&d=mm&r=g\",\"contentUrl\":\"https:\/\/secure.gravatar.com\/avatar\/7648dbed32cdf99b82d07cb0b8ce9fe7?s=96&d=mm&r=g\",\"caption\":\"Zappyrent\"},\"url\":\"https:\/\/www.zappyrent.com\/it\/author\/sebastiano\/\"}]}<\/script>\n<!-- \/ Yoast SEO plugin. -->","yoast_head_json":{"title":"Canoni di locazione a Milano: in quali quartieri crescono di pi\u00f9?","robots":{"index":"index","follow":"follow","max-snippet":"max-snippet:-1","max-image-preview":"max-image-preview:large","max-video-preview":"max-video-preview:-1"},"canonical":"https:\/\/www.zappyrent.com\/it\/blog\/canoni-di-locazione-a-milano-quartieri-crescita-maggiore\/","og_locale":"it_IT","og_type":"article","og_title":"Canoni di locazione a Milano: in quali quartieri crescono di pi\u00f9?","og_description":"Il tema dei canoni di locazione a Milano ha tenuto banco nel corso dell&#8217;anno che","og_url":"https:\/\/www.zappyrent.com\/it\/blog\/canoni-di-locazione-a-milano-quartieri-crescita-maggiore\/","article_publisher":"https:\/\/www.facebook.com\/Zappyrent\/","article_published_time":"2023-12-29T07:00:47+00:00","article_modified_time":"2024-07-16T13:32:32+00:00","og_image":[{"width":1217,"height":694,"url":"https:\/\/www.zappyrent.com\/wp\/app\/uploads\/2023\/12\/canoni-di-locazione-a-milano-.jpg","type":"image\/jpeg"}],"author":"Zappyrent","twitter_card":"summary_large_image","twitter_misc":{"Written by":"Zappyrent","Est. reading time":"5 minuti"},"schema":{"@context":"https:\/\/schema.org","@graph":[{"@type":"Article","@id":"https:\/\/www.zappyrent.com\/it\/blog\/canoni-di-locazione-a-milano-quartieri-crescita-maggiore\/#article","isPartOf":{"@id":"https:\/\/www.zappyrent.com\/it\/blog\/canoni-di-locazione-a-milano-quartieri-crescita-maggiore\/"},"author":{"name":"Zappyrent","@id":"https:\/\/www.zappyrent.com\/it\/#\/schema\/person\/525ab92f63452450dde3867c7d059f26"},"headline":"Canoni di locazione a Milano: in quali quartieri crescono di pi\u00f9?","datePublished":"2023-12-29T07:00:47+00:00","dateModified":"2024-07-16T13:32:32+00:00","mainEntityOfPage":{"@id":"https:\/\/www.zappyrent.com\/it\/blog\/canoni-di-locazione-a-milano-quartieri-crescita-maggiore\/"},"wordCount":923,"publisher":{"@id":"https:\/\/www.zappyrent.com\/it\/#organization"},"image":{"@id":"https:\/\/www.zappyrent.com\/it\/blog\/canoni-di-locazione-a-milano-quartieri-crescita-maggiore\/#primaryimage"},"thumbnailUrl":"https:\/\/www.zappyrent.com\/wp\/app\/uploads\/2023\/12\/canoni-di-locazione-a-milano-.jpg","articleSection":["Blog"],"inLanguage":"it-IT"},{"@type":"WebPage","@id":"https:\/\/www.zappyrent.com\/it\/blog\/canoni-di-locazione-a-milano-quartieri-crescita-maggiore\/","url":"https:\/\/www.zappyrent.com\/it\/blog\/canoni-di-locazione-a-milano-quartieri-crescita-maggiore\/","name":"Canoni di locazione a Milano: in quali quartieri crescono di pi\u00f9?","isPartOf":{"@id":"https:\/\/www.zappyrent.com\/it\/#website"},"primaryImageOfPage":{"@id":"https:\/\/www.zappyrent.com\/it\/blog\/canoni-di-locazione-a-milano-quartieri-crescita-maggiore\/#primaryimage"},"image":{"@id":"https:\/\/www.zappyrent.com\/it\/blog\/canoni-di-locazione-a-milano-quartieri-crescita-maggiore\/#primaryimage"},"thumbnailUrl":"https:\/\/www.zappyrent.com\/wp\/app\/uploads\/2023\/12\/canoni-di-locazione-a-milano-.jpg","datePublished":"2023-12-29T07:00:47+00:00","dateModified":"2024-07-16T13:32:32+00:00","breadcrumb":{"@id":"https:\/\/www.zappyrent.com\/it\/blog\/canoni-di-locazione-a-milano-quartieri-crescita-maggiore\/#breadcrumb"},"inLanguage":"it-IT","potentialAction":[{"@type":"ReadAction","target":["https:\/\/www.zappyrent.com\/it\/blog\/canoni-di-locazione-a-milano-quartieri-crescita-maggiore\/"]}]},{"@type":"ImageObject","inLanguage":"it-IT","@id":"https:\/\/www.zappyrent.com\/it\/blog\/canoni-di-locazione-a-milano-quartieri-crescita-maggiore\/#primaryimage","url":"https:\/\/www.zappyrent.com\/wp\/app\/uploads\/2023\/12\/canoni-di-locazione-a-milano-.jpg","contentUrl":"https:\/\/www.zappyrent.com\/wp\/app\/uploads\/2023\/12\/canoni-di-locazione-a-milano-.jpg","width":1217,"height":694,"caption":"canoni di locazione a milano"},{"@type":"BreadcrumbList","@id":"https:\/\/www.zappyrent.com\/it\/blog\/canoni-di-locazione-a-milano-quartieri-crescita-maggiore\/#breadcrumb","itemListElement":[{"@type":"ListItem","position":1,"name":"Home","item":"https:\/\/www.zappyrent.com\/it\/"},{"@type":"ListItem","position":2,"name":"Canoni di locazione a Milano: in quali quartieri crescono di pi\u00f9?"}]},{"@type":"WebSite","@id":"https:\/\/www.zappyrent.com\/it\/#website","url":"https:\/\/www.zappyrent.com\/it\/","name":"https:\/\/www.zappyrent.com\/it\/blog\/","description":"","publisher":{"@id":"https:\/\/www.zappyrent.com\/it\/#organization"},"potentialAction":[{"@type":"SearchAction","target":{"@type":"EntryPoint","urlTemplate":"https:\/\/www.zappyrent.com\/it\/?s={search_term_string}"},"query-input":{"@type":"PropertyValueSpecification","valueRequired":true,"valueName":"search_term_string"}}],"inLanguage":"it-IT"},{"@type":"Organization","@id":"https:\/\/www.zappyrent.com\/it\/#organization","name":"Zappyrent","url":"https:\/\/www.zappyrent.com\/it\/","logo":{"@type":"ImageObject","inLanguage":"it-IT","@id":"https:\/\/www.zappyrent.com\/it\/#\/schema\/logo\/image\/","url":"https:\/\/www.zappyrent.com\/wp\/app\/uploads\/2024\/05\/cropped-ZAPPYRENT-IL-BLOG-1.png","contentUrl":"https:\/\/www.zappyrent.com\/wp\/app\/uploads\/2024\/05\/cropped-ZAPPYRENT-IL-BLOG-1.png","width":2808,"height":1022,"caption":"Zappyrent"},"image":{"@id":"https:\/\/www.zappyrent.com\/it\/#\/schema\/logo\/image\/"},"sameAs":["https:\/\/www.facebook.com\/Zappyrent\/","https:\/\/www.instagram.com\/zappyrent\/"]},{"@type":"Person","@id":"https:\/\/www.zappyrent.com\/it\/#\/schema\/person\/525ab92f63452450dde3867c7d059f26","name":"Zappyrent","image":{"@type":"ImageObject","inLanguage":"it-IT","@id":"https:\/\/www.zappyrent.com\/it\/#\/schema\/person\/image\/","url":"https:\/\/secure.gravatar.com\/avatar\/7648dbed32cdf99b82d07cb0b8ce9fe7?s=96&d=mm&r=g","contentUrl":"https:\/\/secure.gravatar.com\/avatar\/7648dbed32cdf99b82d07cb0b8ce9fe7?s=96&d=mm&r=g","caption":"Zappyrent"},"url":"https:\/\/www.zappyrent.com\/it\/author\/sebastiano\/"}]}},"modified_by":"zappy","uagb_featured_image_src":{"full":["https:\/\/www.zappyrent.com\/wp\/app\/uploads\/2023\/12\/canoni-di-locazione-a-milano-.jpg",1217,694,false],"thumbnail":["https:\/\/www.zappyrent.com\/wp\/app\/uploads\/2023\/12\/canoni-di-locazione-a-milano--150x150.jpg",150,150,true],"medium":["https:\/\/www.zappyrent.com\/wp\/app\/uploads\/2023\/12\/canoni-di-locazione-a-milano--600x342.jpg",600,342,true],"medium_large":["https:\/\/www.zappyrent.com\/wp\/app\/uploads\/2023\/12\/canoni-di-locazione-a-milano--768x438.jpg",640,365,true],"large":["https:\/\/www.zappyrent.com\/wp\/app\/uploads\/2023\/12\/canoni-di-locazione-a-milano--1200x684.jpg",640,365,true],"1536x1536":["https:\/\/www.zappyrent.com\/wp\/app\/uploads\/2023\/12\/canoni-di-locazione-a-milano-.jpg",1217,694,false],"2048x2048":["https:\/\/www.zappyrent.com\/wp\/app\/uploads\/2023\/12\/canoni-di-locazione-a-milano-.jpg",1217,694,false],"pgmb-post-image":["https:\/\/www.zappyrent.com\/wp\/app\/uploads\/2023\/12\/canoni-di-locazione-a-milano--1200x684.jpg",1200,684,true],"prefer-thumbnail-size":["https:\/\/www.zappyrent.com\/wp\/app\/uploads\/2023\/12\/canoni-di-locazione-a-milano--800x694.jpg",800,694,true],"prefer-related-size":["https:\/\/www.zappyrent.com\/wp\/app\/uploads\/2023\/12\/canoni-di-locazione-a-milano--600x400.jpg",600,400,true],"prefer-promo-post":["https:\/\/www.zappyrent.com\/wp\/app\/uploads\/2023\/12\/canoni-di-locazione-a-milano--800x500.jpg",800,500,true],"prefer-related-post-thumbnails":["https:\/\/www.zappyrent.com\/wp\/app\/uploads\/2023\/12\/canoni-di-locazione-a-milano--850x550.jpg",850,550,true],"mailpoet_newsletter_max":["https:\/\/www.zappyrent.com\/wp\/app\/uploads\/2023\/12\/canoni-di-locazione-a-milano-.jpg",1217,694,false],"web-stories-poster-portrait":["https:\/\/www.zappyrent.com\/wp\/app\/uploads\/2023\/12\/canoni-di-locazione-a-milano--640x694.jpg",640,694,true],"web-stories-publisher-logo":["https:\/\/www.zappyrent.com\/wp\/app\/uploads\/2023\/12\/canoni-di-locazione-a-milano--96x96.jpg",96,96,true],"web-stories-thumbnail":["https:\/\/www.zappyrent.com\/wp\/app\/uploads\/2023\/12\/canoni-di-locazione-a-milano--150x86.jpg",150,86,true]},"uagb_author_info":{"display_name":"Zappyrent","author_link":"https:\/\/www.zappyrent.com\/it\/author\/sebastiano\/"},"uagb_comment_info":0,"uagb_excerpt":"Il tema dei canoni di locazione a Milano ha tenuto banco nel corso dell&#8217;anno che","_links":{"self":[{"href":"https:\/\/www.zappyrent.com\/it\/wp-json\/wp\/v2\/posts\/4443"}],"collection":[{"href":"https:\/\/www.zappyrent.com\/it\/wp-json\/wp\/v2\/posts"}],"about":[{"href":"https:\/\/www.zappyrent.com\/it\/wp-json\/wp\/v2\/types\/post"}],"author":[{"embeddable":true,"href":"https:\/\/www.zappyrent.com\/it\/wp-json\/wp\/v2\/users\/4"}],"replies":[{"embeddable":true,"href":"https:\/\/www.zappyrent.com\/it\/wp-json\/wp\/v2\/comments?post=4443"}],"version-history":[{"count":8,"href":"https:\/\/www.zappyrent.com\/it\/wp-json\/wp\/v2\/posts\/4443\/revisions"}],"predecessor-version":[{"id":5459,"href":"https:\/\/www.zappyrent.com\/it\/wp-json\/wp\/v2\/posts\/4443\/revisions\/5459"}],"wp:featuredmedia":[{"embeddable":true,"href":"https:\/\/www.zappyrent.com\/it\/wp-json\/wp\/v2\/media\/4449"}],"wp:attachment":[{"href":"https:\/\/www.zappyrent.com\/it\/wp-json\/wp\/v2\/media?parent=4443"}],"wp:term":[{"taxonomy":"category","embeddable":true,"href":"https:\/\/www.zappyrent.com\/it\/wp-json\/wp\/v2\/categories?post=4443"},{"taxonomy":"post_tag","embeddable":true,"href":"https:\/\/www.zappyrent.com\/it\/wp-json\/wp\/v2\/tags?post=4443"}],"curies":[{"name":"wp","href":"https:\/\/api.w.org\/{rel}","templated":true}]}}