{"id":4192,"date":"2023-09-24T16:20:04","date_gmt":"2023-09-24T14:20:04","guid":{"rendered":"https:\/\/www.zappyrent.com\/?p=4192"},"modified":"2025-02-18T17:22:53","modified_gmt":"2025-02-18T16:22:53","slug":"il-locatario-puo-partecipare-allassemblea-di-condominio","status":"publish","type":"post","link":"https:\/\/www.zappyrent.com\/it\/blog\/il-locatario-puo-partecipare-allassemblea-di-condominio\/","title":{"rendered":"Il locatario pu\u00f2 partecipare all&#8217;assemblea di condominio?"},"content":{"rendered":"<p><span style=\"vertical-align: inherit;\"><span style=\"vertical-align: inherit;\">Se stai cercando, per la prima volta, una <\/span><\/span><a href=\"https:\/\/www.zappyrent.com\/it\/affitti-milano\/trilocali\" target=\"_blank\" rel=\"noopener\"><span style=\"vertical-align: inherit;\"><span style=\"vertical-align: inherit;\">casa da prendere in affitto<\/span><\/span><\/a><span style=\"vertical-align: inherit;\"><span style=\"vertical-align: inherit;\"> , sono senza dubbio numerose le domande che ti stai ponendo. Tra questi interrogativi, rientra, molto probabilmente, un dubbio su tutti: <\/span><\/span><strong><span style=\"vertical-align: inherit;\"><span style=\"vertical-align: inherit;\">il locatario pu\u00f2 partecipare all&#8217;assemblea di condominio?<\/span><\/span><\/strong><span style=\"vertical-align: inherit;\"><span style=\"vertical-align: inherit;\"> Scopriamo insieme la risposta nelle prossime righe di questo articolo.<\/span><\/span><\/p>\n<h2><span style=\"vertical-align: inherit;\"><span style=\"vertical-align: inherit;\">Diritti dell&#8217;inquilino in condominio: la presenza in assemblea \u00e8 consentita?<\/span><\/span><\/h2>\n<p><span style=\"vertical-align: inherit;\"><span style=\"vertical-align: inherit;\">Quando ci si chiede se il locatario pu\u00f2 partecipare all&#8217;assemblea di condominio, \u00e8 necessario ricordare che, dal momento che l&#8217;affittuario ha l&#8217;obbligo di pagare le spese di condominio, <\/span><\/span><strong><span style=\"vertical-align: inherit;\"><span style=\"vertical-align: inherit;\">\u00e8 il suo diritto di partecipare alla riunione<\/span><\/span><\/strong><span style=\"vertical-align: inherit;\"><span style=\"vertical-align: inherit;\"> . Ci\u00f2 vale soprattutto nei casi in cui, durante le suddette, si discute delle spese comuni.<\/span><\/span><\/p>\n<p><span style=\"vertical-align: inherit;\"><span style=\"vertical-align: inherit;\">Il riferimento normativo \u00e8 la <\/span><\/span><a href=\"http:\/\/www.comune.jesi.an.it\/MV\/leggi\/l392-78.htm\" target=\"_blank\" rel=\"noopener\"><span style=\"vertical-align: inherit;\"><span style=\"vertical-align: inherit;\">Legge 392\/78<\/span><\/span><\/a><span style=\"vertical-align: inherit;\"><span style=\"vertical-align: inherit;\"> , in particolare il secondo comma dell&#8217;articolo 10. Quest&#8217;ultimo sottolinea che il locatario pu\u00f2 partecipare all&#8217;assemblea di condominio, intervenendo nelle discussioni che riguardano le parti comuni e le spese ad esse relative.<\/span><\/span><\/p>\n<h2><span style=\"vertical-align: inherit;\"><span style=\"vertical-align: inherit;\">L&#8217;affittuario pu\u00f2 votare durante l&#8217;assemblea?<\/span><\/span><\/h2>\n<p><strong><span style=\"vertical-align: inherit;\"><span style=\"vertical-align: inherit;\">Il locatario pu\u00f2 partecipare all&#8217;assemblea di condominio, ma non gli \u00e8 consentito votare<\/span><\/span><\/strong><span style=\"vertical-align: inherit;\"><span style=\"vertical-align: inherit;\"> , fatta <\/span><\/span><strong><span style=\"vertical-align: inherit;\"><span style=\"vertical-align: inherit;\">eccezione<\/span><\/span><\/strong><span style=\"vertical-align: inherit;\"><span style=\"vertical-align: inherit;\"> quando sono coinvolte <\/span><\/span><strong><span style=\"vertical-align: inherit;\"><span style=\"vertical-align: inherit;\">questioni relative al riscaldamento o alla gestione del condizionamento dell&#8217;aria (<\/span><\/span><\/strong><span style=\"vertical-align: inherit;\"><span style=\"vertical-align: inherit;\"> aspetto che ha oggettivamente perso di centralit\u00e0 da quando vige l&#8217;obbligo di installare dispositivi individuali di termoregolazione e contabilizzazione, con il fine di arrivare a una suddivisione pi\u00f9 equa delle spese a seconda dei consumi effettivi).<\/span><\/span><\/p>\n<p><span style=\"vertical-align: inherit;\"><span style=\"vertical-align: inherit;\">Solo in questi frangenti, l&#8217;inquilino ha la possibilit\u00e0 di sostituirsi al proprietario dell&#8217;immobile, esponendosi con un voto nel corso dell&#8217;assemblea di condominio.<\/span><\/span><\/p>\n<p><span style=\"vertical-align: inherit;\"><span style=\"vertical-align: inherit;\">In merito agli altri aspetti, sussiste solo il diritto di partecipazione. Questo \u00e8 il caso, per esempio, delle situazioni in cui si delibera in merito alla possibilit\u00e0 di installare una nuova &#8211; e maggiormente potente &#8211; antenna centralizzata.<\/span><\/span><\/p>\n<p><span style=\"vertical-align: inherit;\"><span style=\"vertical-align: inherit;\">Molto importante \u00e8 sottolineare che il locatario pu\u00f2 partecipare all&#8217;assemblea di condominio nei casi in cui \u00e8 stata firmata una delega del proprietario all&#8217;inquilino.<\/span><\/span><\/p>\n<h2><span style=\"vertical-align: inherit;\"><span style=\"vertical-align: inherit;\">L&#8217;amministratore di condominio ha l&#8217;obbligo di convocare l&#8217;affittuario in assemblea?<\/span><\/span><\/h2>\n<p><a href=\"https:\/\/www.zappyrent.com\/it\/calcola-affitto?utm_source=organic&amp;utm_medium=blog&amp;utm_campaign=calcolatore&amp;tr=lead_blog_protezione_locatore\"><img fetchpriority=\"high\" decoding=\"async\" class=\"alignnone wp-image-8253 size-full\" src=\"https:\/\/www.zappyrent.com\/wp\/app\/uploads\/2023\/08\/Risorsa-10.png\" alt=\"\" width=\"14753\" height=\"4941\" srcset=\"https:\/\/www.zappyrent.com\/wp\/app\/uploads\/2023\/08\/Risorsa-10.png 14753w, https:\/\/www.zappyrent.com\/wp\/app\/uploads\/2023\/08\/Risorsa-10-600x201.png 600w, https:\/\/www.zappyrent.com\/wp\/app\/uploads\/2023\/08\/Risorsa-10-1200x402.png 1200w, https:\/\/www.zappyrent.com\/wp\/app\/uploads\/2023\/08\/Risorsa-10-768x257.png 768w, https:\/\/www.zappyrent.com\/wp\/app\/uploads\/2023\/08\/Risorsa-10-1536x514.png 1536w, https:\/\/www.zappyrent.com\/wp\/app\/uploads\/2023\/08\/Risorsa-10-2048x686.png 2048w, https:\/\/www.zappyrent.com\/wp\/app\/uploads\/2023\/08\/Risorsa-10-1320x442.png 1320w, https:\/\/www.zappyrent.com\/wp\/app\/uploads\/2023\/08\/Risorsa-10-150x50.png 150w\" sizes=\"(max-width: 14753px) 100vw, 14753px\" \/><\/a><\/p>\n<p><span style=\"vertical-align: inherit;\"><span style=\"vertical-align: inherit;\">Come abbiamo appena visto, <\/span><\/span><strong><span style=\"vertical-align: inherit;\"><span style=\"vertical-align: inherit;\">il locatario pu\u00f2 partecipare all&#8217;assemblea di condominio<\/span><\/span><\/strong><span style=\"vertical-align: inherit;\"><span style=\"vertical-align: inherit;\"> in quanto soggetto tenuto a pagare le spese condominiali, ma non ha la facolt\u00e0 di votare, fatta eccezione per alcuni casi.<\/span><\/span><\/p>\n<p><span style=\"vertical-align: inherit;\"><span style=\"vertical-align: inherit;\">Se ti stai chiedendo <\/span><\/span><strong><span style=\"vertical-align: inherit;\"><span style=\"vertical-align: inherit;\">se l&#8217;amministratore ha l&#8217;obbligo di convocare il conduttore in assemblea, devi sapere che la risposta \u00e8 negativa<\/span><\/span><\/strong><span style=\"vertical-align: inherit;\"><span style=\"vertical-align: inherit;\"> . La dottrina si \u00e8 interrogata pi\u00f9 volte su questo aspetto. La conclusione sulla quale oggi ci si basa \u00e8 da far risalire al 1992 (Cass. 22 aprile 1992 n. 4802 in Giust. civ. Mass. 1992, fasc. 4).<\/span><\/span><\/p>\n<p><span style=\"vertical-align: inherit;\"><span style=\"vertical-align: inherit;\">Lo studio di amministrazione, sulla base della suddetta sentenza, \u00e8 tenuto ad avere un rapporto diretto unicamente con gli inquilini proprietari degli immobili.<\/span><\/span><\/p>\n<p><span style=\"vertical-align: inherit;\"><span style=\"vertical-align: inherit;\">A dimostrazione di ci\u00f2, \u00e8 possibile ricordare che, nei casi in cui <\/span><\/span><a href=\"https:\/\/www.zappyrent.com\/it\/blog\/affittuario-che-non-paga-le-spese-di-condominio\/\" target=\"_blank\" rel=\"noopener\"><span style=\"vertical-align: inherit;\"><span style=\"vertical-align: inherit;\">l&#8217;affittuario non paga le spese condominiali<\/span><\/span><\/a><span style=\"vertical-align: inherit;\"><span style=\"vertical-align: inherit;\"> , l&#8217;amministrazione deve rivalersi innanzitutto sul proprietario dell&#8217;immobile.<\/span><\/span><\/p>\n<p><span style=\"vertical-align: inherit;\"><span style=\"vertical-align: inherit;\">Tornando un attimo all&#8217;argomento dell&#8217;articolo, si ricorda che <\/span><\/span><strong><span style=\"vertical-align: inherit;\"><span style=\"vertical-align: inherit;\">l&#8217;unica persona tenuta a comunicare all&#8217;inquilino i dati di un&#8217;assemblea del suo potenziale interesse \u00e8 il proprietario di casa.<\/span><\/span><\/strong><\/p>\n<p><a href=\"https:\/\/www.zappyrent.com\/it\/calcola-affitto?utm_source=organic&amp;utm_medium=blog&amp;utm_campaign=calcolatore&amp;tr=lead_blog_protezione_locatore\"><img fetchpriority=\"high\" decoding=\"async\" class=\"alignnone wp-image-8253 size-full\" src=\"https:\/\/www.zappyrent.com\/wp\/app\/uploads\/2023\/08\/Risorsa-10.png\" alt=\"\" width=\"14753\" height=\"4941\" srcset=\"https:\/\/www.zappyrent.com\/wp\/app\/uploads\/2023\/08\/Risorsa-10.png 14753w, https:\/\/www.zappyrent.com\/wp\/app\/uploads\/2023\/08\/Risorsa-10-600x201.png 600w, https:\/\/www.zappyrent.com\/wp\/app\/uploads\/2023\/08\/Risorsa-10-1200x402.png 1200w, https:\/\/www.zappyrent.com\/wp\/app\/uploads\/2023\/08\/Risorsa-10-768x257.png 768w, https:\/\/www.zappyrent.com\/wp\/app\/uploads\/2023\/08\/Risorsa-10-1536x514.png 1536w, https:\/\/www.zappyrent.com\/wp\/app\/uploads\/2023\/08\/Risorsa-10-2048x686.png 2048w, https:\/\/www.zappyrent.com\/wp\/app\/uploads\/2023\/08\/Risorsa-10-1320x442.png 1320w, https:\/\/www.zappyrent.com\/wp\/app\/uploads\/2023\/08\/Risorsa-10-150x50.png 150w\" sizes=\"(max-width: 14753px) 100vw, 14753px\" \/><\/a><\/p>\n<p><span style=\"vertical-align: inherit;\"><span style=\"vertical-align: inherit;\">L&#8217;inquilino deve, in ogni caso, essere informato in merito alla convocazione dell&#8217;assemblea. A tal proposito, \u00e8 necessario chiamare in causa l&#8217; <\/span><\/span><a href=\"https:\/\/www.gazzettaufficiale.it\/atto\/serie_generale\/caricaArticolo?art.progressivo=0&amp;art.idArticolo=1136&amp;art.versione=3&amp;art.codiceRedazionale=042U0262&amp;art.dataPubblicazioneGazzetta=1942-04-04&amp;art.idGruppo=140&amp;art.idSottoArticolo1=10&amp;art.idSottoArticolo=1&amp;art.flagTipoArticolo=2\" target=\"_blank\" rel=\"noopener\"><span style=\"vertical-align: inherit;\"><span style=\"vertical-align: inherit;\">articolo 1136 del Codice Civile<\/span><\/span><\/a><span style=\"vertical-align: inherit;\"><span style=\"vertical-align: inherit;\"> .<\/span><\/span><\/p>\n<p><span style=\"vertical-align: inherit;\"><span style=\"vertical-align: inherit;\">Nel comma 6, si specifica quanto segue: &#8221; <\/span><\/span><em><span style=\"vertical-align: inherit;\"><span style=\"vertical-align: inherit;\">L&#8217;assemblea non pu\u00f2 deliberare, se non consta che tutti gli aventi diritto sono stati regolarmente convocati&#8221;.\u00a0<\/span><\/span><\/em><span style=\"vertical-align: inherit;\"><span style=\"vertical-align: inherit;\"> Interessante \u00e8 notare che, prima della riforma del <\/span><\/span><a href=\"https:\/\/www.gazzettaufficiale.it\/atto\/serie_generale\/caricaArticolo?art.progressivo=0&amp;art.idArticolo=1136&amp;art.versione=3&amp;art.codiceRedazionale=042U0262&amp;art.dataPubblicazioneGazzetta=1942-04-04&amp;art.idGruppo=140&amp;art.idSottoArticolo1=10&amp;art.idSottoArticolo=1&amp;art.flagTipoArticolo=2\" target=\"_blank\" rel=\"noopener\"><span style=\"vertical-align: inherit;\"><span style=\"vertical-align: inherit;\">condominio del 2012<\/span><\/span><\/a><span style=\"vertical-align: inherit;\"><span style=\"vertical-align: inherit;\"> , al posto dell&#8217;espressione &#8220;aventi diritto&#8221; era presente il termine &#8220;condomini&#8221;.<\/span><\/span><\/p>\n<p><span style=\"vertical-align: inherit;\"><span style=\"vertical-align: inherit;\">Si tratta di un cambiamento non da poco. Non solo si chiarisce che <\/span><\/span><strong><span style=\"vertical-align: inherit;\"><span style=\"vertical-align: inherit;\">il locatario pu\u00f2 partecipare all&#8217;assemblea di condominio,<\/span><\/span><\/strong><span style=\"vertical-align: inherit;\"><span style=\"vertical-align: inherit;\"> ma si chiamano in causa pure altri soggetti, come per esempio gli usufruttuari.<\/span><\/span><\/p>\n<p><span style=\"vertical-align: inherit;\"><span style=\"vertical-align: inherit;\">Sempre l&#8217;articolo sopra citato del codice civile, specifica che, in caso di omessa, tardiva o incompleta convocazione degli aventi diritto, la deliberazione assembleare pu\u00f2 essere annullata.<\/span><\/span><\/p>\n<p><span style=\"vertical-align: inherit;\"><span style=\"vertical-align: inherit;\">In questo frangente, il riferimento normativo \u00e8 l&#8217;articolo successivo del codice civile. L&#8217;annullamento pu\u00f2 essere concretizzato su richiesta sia dei dissenzienti, sia degli assenti non convocati come prevede la normativa del condominio.<\/span><\/span><\/p>\n<p><span style=\"vertical-align: inherit;\"><span style=\"vertical-align: inherit;\">Come previsto dalla sentenza della cassazione sopra citata, gli eventuali oneri legati alla mancata convocazione del locatario all&#8217;assemblea di condominio non devono ricadere sullo studio di amministrazione.<\/span><\/span><\/p>\n<h2><span style=\"vertical-align: inherit;\"><span style=\"vertical-align: inherit;\">Gli obblighi del locatario derivanti dalla partecipazione all&#8217;assemblea di condominio<\/span><\/span><\/h2>\n<p><strong><span style=\"vertical-align: inherit;\"><span style=\"vertical-align: inherit;\">Il locatario pu\u00f2 partecipare all&#8217;assemblea di condominio<\/span><\/span><\/strong><span style=\"vertical-align: inherit;\"><span style=\"vertical-align: inherit;\"> e, in virt\u00f9 di ci\u00f2, \u00e8 tenuto a ottemperare a <\/span><\/span><strong><span style=\"vertical-align: inherit;\"><span style=\"vertical-align: inherit;\">diversi obblighi<\/span><\/span><\/strong><span style=\"vertical-align: inherit;\"><span style=\"vertical-align: inherit;\"> . Tra questi \u00e8 possibile includere il <\/span><\/span><strong><span style=\"vertical-align: inherit;\"><span style=\"vertical-align: inherit;\">versamento, salvo diverso accordo, delle spese di condominio al proprietario dell&#8217;immobile.\u00a0<\/span><\/span><\/strong><\/p>\n<p><span style=\"vertical-align: inherit;\"><span style=\"vertical-align: inherit;\">Un altro obbligo derivante dalla partecipazione all&#8217;assemblea di condominio riguarda l&#8217; <\/span><\/span><strong><span style=\"vertical-align: inherit;\"><span style=\"vertical-align: inherit;\">osservazione, da parte del locatario, del regolamento di condominio<\/span><\/span><\/strong><span style=\"vertical-align: inherit;\"><span style=\"vertical-align: inherit;\"> e di tutte le delibere approvate nel corso dell&#8217;assemblea.<\/span><\/span><a href=\"https:\/\/try.zappyrent.com\/landlord\/media_articles\/?utm_source=organic&amp;utm_medium=blog&amp;utm_campaign=blog&amp;tr=lead_blog\" target=\"_blank\" rel=\"noopener\"><br \/>\n<\/a><\/p>\n<h2><span style=\"vertical-align: inherit;\"><span style=\"vertical-align: inherit;\">Chi pu\u00f2 partecipare all&#8217;assemblea condominiale?<\/span><\/span><\/h2>\n<p><span style=\"vertical-align: inherit;\"><span style=\"vertical-align: inherit;\">A questo punto, chiarito che il locatario pu\u00f2 partecipare all&#8217;assemblea di condominio, \u00e8 il caso di chiedersi, in generale, <\/span><\/span><strong><span style=\"vertical-align: inherit;\"><span style=\"vertical-align: inherit;\">chi ha la possibilit\u00e0 di prendere parte a questo organo collegiale.<\/span><\/span><\/strong><\/p>\n<p><span style=\"vertical-align: inherit;\"><span style=\"vertical-align: inherit;\">Oltre ai proprietari e ai conduttori, possono partecipare anche gli <\/span><\/span><strong><span style=\"vertical-align: inherit;\"><span style=\"vertical-align: inherit;\">usufruttuari.<\/span><\/span><\/strong><span style=\"vertical-align: inherit;\"><span style=\"vertical-align: inherit;\"> Questi ultimi hanno diritto di voto relativamente ad aspetti che riguardano l&#8217;ordinaria amministrazione del condominio e il godimento degli spazi comuni.<\/span><\/span><\/p>\n<p><span style=\"vertical-align: inherit;\"><span style=\"vertical-align: inherit;\">Per fare un esempio concreto, ricordiamo che gli usufruttuari possono esprimere il proprio voto in merito ad aspetti come il compenso dello studio di amministrazione, l&#8217;utilizzo dell&#8217;ascensore, l&#8217;illuminazione e la pulizia delle scale e di altri spazi comuni (etc. ).<\/span><\/span><\/p>\n<p><a href=\"https:\/\/www.zappyrent.com\/it\/calcola-affitto?utm_source=organic&amp;utm_medium=blog&amp;utm_campaign=calcolatore&amp;tr=lead_blog_protezione_locatore\"><img fetchpriority=\"high\" decoding=\"async\" class=\"alignnone wp-image-8253 size-full\" src=\"https:\/\/www.zappyrent.com\/wp\/app\/uploads\/2023\/08\/Risorsa-10.png\" alt=\"\" width=\"14753\" height=\"4941\" srcset=\"https:\/\/www.zappyrent.com\/wp\/app\/uploads\/2023\/08\/Risorsa-10.png 14753w, https:\/\/www.zappyrent.com\/wp\/app\/uploads\/2023\/08\/Risorsa-10-600x201.png 600w, https:\/\/www.zappyrent.com\/wp\/app\/uploads\/2023\/08\/Risorsa-10-1200x402.png 1200w, https:\/\/www.zappyrent.com\/wp\/app\/uploads\/2023\/08\/Risorsa-10-768x257.png 768w, https:\/\/www.zappyrent.com\/wp\/app\/uploads\/2023\/08\/Risorsa-10-1536x514.png 1536w, https:\/\/www.zappyrent.com\/wp\/app\/uploads\/2023\/08\/Risorsa-10-2048x686.png 2048w, https:\/\/www.zappyrent.com\/wp\/app\/uploads\/2023\/08\/Risorsa-10-1320x442.png 1320w, https:\/\/www.zappyrent.com\/wp\/app\/uploads\/2023\/08\/Risorsa-10-150x50.png 150w\" sizes=\"(max-width: 14753px) 100vw, 14753px\" \/><\/a><\/p>\n<p><span style=\"vertical-align: inherit;\"><span style=\"vertical-align: inherit;\">Il comproprietario pu\u00f2 partecipare all&#8217;assemblea di condominio? La legge prevede il fatto che, nei frangenti in cui una propriet\u00e0 immobiliare appartiene a pi\u00f9 persone, il diritto alla partecipazione in assemblea c&#8217;\u00e8, ma solo per una di esse. Sono i comproprietari a designare, a maggioranza, il soggetto in questione, basandosi sul valore della propriet\u00e0 effettivamente posseduta.<\/span><\/span><\/p>\n<p><span style=\"vertical-align: inherit;\"><span style=\"vertical-align: inherit;\">Ci\u00f2 vuol dire che <\/span><\/span><strong><span style=\"vertical-align: inherit;\"><span style=\"vertical-align: inherit;\">soltanto un comproprietario pu\u00f2 partecipare all&#8217;assemblea di condominio e avere diritto di voto durante la stessa.<\/span><\/span><\/strong><\/p>\n","protected":false},"excerpt":{"rendered":"<p>Se stai cercando, per la prima volta, una casa da prendere in affitto , sono<\/p>\n","protected":false},"author":4,"featured_media":4194,"comment_status":"closed","ping_status":"closed","sticky":false,"template":"","format":"standard","meta":{"_yoast_wpseo_focuskw":"","_yoast_wpseo_title":"","_yoast_wpseo_metadesc":"","_mo_disable_npp":"","_uag_custom_page_level_css":"","_lmt_disableupdate":"no","_lmt_disable":"no","_mbp_gutenberg_autopost":false,"footnotes":""},"categories":[9],"tags":[],"class_list":["post-4192","post","type-post","status-publish","format-standard","has-post-thumbnail","hentry","category-blog"],"yoast_head":"<!-- This site is optimized with the Yoast SEO plugin v23.4 - https:\/\/yoast.com\/wordpress\/plugins\/seo\/ -->\n<title>Il locatario pu\u00f2 partecipare all&#039;assemblea di condominio?<\/title>\n<meta name=\"robots\" content=\"index, follow, max-snippet:-1, max-image-preview:large, max-video-preview:-1\" \/>\n<link rel=\"canonical\" href=\"https:\/\/www.zappyrent.com\/it\/blog\/il-locatario-puo-partecipare-allassemblea-di-condominio\/\" \/>\n<meta property=\"og:locale\" content=\"it_IT\" \/>\n<meta property=\"og:type\" content=\"article\" \/>\n<meta property=\"og:title\" content=\"Il locatario pu\u00f2 partecipare all&#039;assemblea di condominio?\" \/>\n<meta property=\"og:description\" content=\"Se stai cercando, per la prima volta, una casa da prendere in affitto , sono\" \/>\n<meta property=\"og:url\" content=\"https:\/\/www.zappyrent.com\/it\/blog\/il-locatario-puo-partecipare-allassemblea-di-condominio\/\" \/>\n<meta property=\"article:publisher\" content=\"https:\/\/www.facebook.com\/Zappyrent\/\" \/>\n<meta property=\"article:published_time\" content=\"2023-09-24T14:20:04+00:00\" \/>\n<meta property=\"article:modified_time\" content=\"2025-02-18T16:22:53+00:00\" \/>\n<meta property=\"og:image\" content=\"https:\/\/www.zappyrent.com\/wp\/app\/uploads\/2023\/09\/il-locatario-puo-partecipare-allassemblea-di-condominio.jpg\" \/>\n\t<meta property=\"og:image:width\" content=\"1217\" \/>\n\t<meta property=\"og:image:height\" content=\"694\" \/>\n\t<meta property=\"og:image:type\" content=\"image\/jpeg\" \/>\n<meta name=\"author\" content=\"Zappyrent\" \/>\n<meta name=\"twitter:card\" content=\"summary_large_image\" \/>\n<meta name=\"twitter:label1\" content=\"Written by\" \/>\n\t<meta name=\"twitter:data1\" content=\"Zappyrent\" \/>\n\t<meta name=\"twitter:label2\" content=\"Est. reading time\" \/>\n\t<meta name=\"twitter:data2\" content=\"5 minuti\" \/>\n<script type=\"application\/ld+json\" class=\"yoast-schema-graph\">{\"@context\":\"https:\/\/schema.org\",\"@graph\":[{\"@type\":\"Article\",\"@id\":\"https:\/\/www.zappyrent.com\/it\/blog\/il-locatario-puo-partecipare-allassemblea-di-condominio\/#article\",\"isPartOf\":{\"@id\":\"https:\/\/www.zappyrent.com\/it\/blog\/il-locatario-puo-partecipare-allassemblea-di-condominio\/\"},\"author\":{\"name\":\"Zappyrent\",\"@id\":\"https:\/\/www.zappyrent.com\/it\/#\/schema\/person\/525ab92f63452450dde3867c7d059f26\"},\"headline\":\"Il locatario pu\u00f2 partecipare all&#8217;assemblea di condominio?\",\"datePublished\":\"2023-09-24T14:20:04+00:00\",\"dateModified\":\"2025-02-18T16:22:53+00:00\",\"mainEntityOfPage\":{\"@id\":\"https:\/\/www.zappyrent.com\/it\/blog\/il-locatario-puo-partecipare-allassemblea-di-condominio\/\"},\"wordCount\":897,\"publisher\":{\"@id\":\"https:\/\/www.zappyrent.com\/it\/#organization\"},\"image\":{\"@id\":\"https:\/\/www.zappyrent.com\/it\/blog\/il-locatario-puo-partecipare-allassemblea-di-condominio\/#primaryimage\"},\"thumbnailUrl\":\"https:\/\/www.zappyrent.com\/wp\/app\/uploads\/2023\/09\/il-locatario-puo-partecipare-allassemblea-di-condominio.jpg\",\"articleSection\":[\"Blog\"],\"inLanguage\":\"it-IT\"},{\"@type\":\"WebPage\",\"@id\":\"https:\/\/www.zappyrent.com\/it\/blog\/il-locatario-puo-partecipare-allassemblea-di-condominio\/\",\"url\":\"https:\/\/www.zappyrent.com\/it\/blog\/il-locatario-puo-partecipare-allassemblea-di-condominio\/\",\"name\":\"Il locatario pu\u00f2 partecipare all'assemblea di condominio?\",\"isPartOf\":{\"@id\":\"https:\/\/www.zappyrent.com\/it\/#website\"},\"primaryImageOfPage\":{\"@id\":\"https:\/\/www.zappyrent.com\/it\/blog\/il-locatario-puo-partecipare-allassemblea-di-condominio\/#primaryimage\"},\"image\":{\"@id\":\"https:\/\/www.zappyrent.com\/it\/blog\/il-locatario-puo-partecipare-allassemblea-di-condominio\/#primaryimage\"},\"thumbnailUrl\":\"https:\/\/www.zappyrent.com\/wp\/app\/uploads\/2023\/09\/il-locatario-puo-partecipare-allassemblea-di-condominio.jpg\",\"datePublished\":\"2023-09-24T14:20:04+00:00\",\"dateModified\":\"2025-02-18T16:22:53+00:00\",\"breadcrumb\":{\"@id\":\"https:\/\/www.zappyrent.com\/it\/blog\/il-locatario-puo-partecipare-allassemblea-di-condominio\/#breadcrumb\"},\"inLanguage\":\"it-IT\",\"potentialAction\":[{\"@type\":\"ReadAction\",\"target\":[\"https:\/\/www.zappyrent.com\/it\/blog\/il-locatario-puo-partecipare-allassemblea-di-condominio\/\"]}]},{\"@type\":\"ImageObject\",\"inLanguage\":\"it-IT\",\"@id\":\"https:\/\/www.zappyrent.com\/it\/blog\/il-locatario-puo-partecipare-allassemblea-di-condominio\/#primaryimage\",\"url\":\"https:\/\/www.zappyrent.com\/wp\/app\/uploads\/2023\/09\/il-locatario-puo-partecipare-allassemblea-di-condominio.jpg\",\"contentUrl\":\"https:\/\/www.zappyrent.com\/wp\/app\/uploads\/2023\/09\/il-locatario-puo-partecipare-allassemblea-di-condominio.jpg\",\"width\":1217,\"height\":694,\"caption\":\"il locatario pu\u00f2 partecipare all'assemblea di condominio\"},{\"@type\":\"BreadcrumbList\",\"@id\":\"https:\/\/www.zappyrent.com\/it\/blog\/il-locatario-puo-partecipare-allassemblea-di-condominio\/#breadcrumb\",\"itemListElement\":[{\"@type\":\"ListItem\",\"position\":1,\"name\":\"Home\",\"item\":\"https:\/\/www.zappyrent.com\/it\/\"},{\"@type\":\"ListItem\",\"position\":2,\"name\":\"Il locatario pu\u00f2 partecipare all&#8217;assemblea di condominio?\"}]},{\"@type\":\"WebSite\",\"@id\":\"https:\/\/www.zappyrent.com\/it\/#website\",\"url\":\"https:\/\/www.zappyrent.com\/it\/\",\"name\":\"https:\/\/www.zappyrent.com\/it\/blog\/\",\"description\":\"\",\"publisher\":{\"@id\":\"https:\/\/www.zappyrent.com\/it\/#organization\"},\"potentialAction\":[{\"@type\":\"SearchAction\",\"target\":{\"@type\":\"EntryPoint\",\"urlTemplate\":\"https:\/\/www.zappyrent.com\/it\/?s={search_term_string}\"},\"query-input\":{\"@type\":\"PropertyValueSpecification\",\"valueRequired\":true,\"valueName\":\"search_term_string\"}}],\"inLanguage\":\"it-IT\"},{\"@type\":\"Organization\",\"@id\":\"https:\/\/www.zappyrent.com\/it\/#organization\",\"name\":\"Zappyrent\",\"url\":\"https:\/\/www.zappyrent.com\/it\/\",\"logo\":{\"@type\":\"ImageObject\",\"inLanguage\":\"it-IT\",\"@id\":\"https:\/\/www.zappyrent.com\/it\/#\/schema\/logo\/image\/\",\"url\":\"https:\/\/www.zappyrent.com\/wp\/app\/uploads\/2024\/05\/cropped-ZAPPYRENT-IL-BLOG-1.png\",\"contentUrl\":\"https:\/\/www.zappyrent.com\/wp\/app\/uploads\/2024\/05\/cropped-ZAPPYRENT-IL-BLOG-1.png\",\"width\":2808,\"height\":1022,\"caption\":\"Zappyrent\"},\"image\":{\"@id\":\"https:\/\/www.zappyrent.com\/it\/#\/schema\/logo\/image\/\"},\"sameAs\":[\"https:\/\/www.facebook.com\/Zappyrent\/\",\"https:\/\/www.instagram.com\/zappyrent\/\"]},{\"@type\":\"Person\",\"@id\":\"https:\/\/www.zappyrent.com\/it\/#\/schema\/person\/525ab92f63452450dde3867c7d059f26\",\"name\":\"Zappyrent\",\"image\":{\"@type\":\"ImageObject\",\"inLanguage\":\"it-IT\",\"@id\":\"https:\/\/www.zappyrent.com\/it\/#\/schema\/person\/image\/\",\"url\":\"https:\/\/secure.gravatar.com\/avatar\/7648dbed32cdf99b82d07cb0b8ce9fe7?s=96&d=mm&r=g\",\"contentUrl\":\"https:\/\/secure.gravatar.com\/avatar\/7648dbed32cdf99b82d07cb0b8ce9fe7?s=96&d=mm&r=g\",\"caption\":\"Zappyrent\"},\"url\":\"https:\/\/www.zappyrent.com\/it\/author\/sebastiano\/\"}]}<\/script>\n<!-- \/ Yoast SEO plugin. -->","yoast_head_json":{"title":"Il locatario pu\u00f2 partecipare all'assemblea di condominio?","robots":{"index":"index","follow":"follow","max-snippet":"max-snippet:-1","max-image-preview":"max-image-preview:large","max-video-preview":"max-video-preview:-1"},"canonical":"https:\/\/www.zappyrent.com\/it\/blog\/il-locatario-puo-partecipare-allassemblea-di-condominio\/","og_locale":"it_IT","og_type":"article","og_title":"Il locatario pu\u00f2 partecipare all'assemblea di condominio?","og_description":"Se stai cercando, per la prima volta, una casa da prendere in affitto , sono","og_url":"https:\/\/www.zappyrent.com\/it\/blog\/il-locatario-puo-partecipare-allassemblea-di-condominio\/","article_publisher":"https:\/\/www.facebook.com\/Zappyrent\/","article_published_time":"2023-09-24T14:20:04+00:00","article_modified_time":"2025-02-18T16:22:53+00:00","og_image":[{"width":1217,"height":694,"url":"https:\/\/www.zappyrent.com\/wp\/app\/uploads\/2023\/09\/il-locatario-puo-partecipare-allassemblea-di-condominio.jpg","type":"image\/jpeg"}],"author":"Zappyrent","twitter_card":"summary_large_image","twitter_misc":{"Written by":"Zappyrent","Est. reading time":"5 minuti"},"schema":{"@context":"https:\/\/schema.org","@graph":[{"@type":"Article","@id":"https:\/\/www.zappyrent.com\/it\/blog\/il-locatario-puo-partecipare-allassemblea-di-condominio\/#article","isPartOf":{"@id":"https:\/\/www.zappyrent.com\/it\/blog\/il-locatario-puo-partecipare-allassemblea-di-condominio\/"},"author":{"name":"Zappyrent","@id":"https:\/\/www.zappyrent.com\/it\/#\/schema\/person\/525ab92f63452450dde3867c7d059f26"},"headline":"Il locatario pu\u00f2 partecipare all&#8217;assemblea di condominio?","datePublished":"2023-09-24T14:20:04+00:00","dateModified":"2025-02-18T16:22:53+00:00","mainEntityOfPage":{"@id":"https:\/\/www.zappyrent.com\/it\/blog\/il-locatario-puo-partecipare-allassemblea-di-condominio\/"},"wordCount":897,"publisher":{"@id":"https:\/\/www.zappyrent.com\/it\/#organization"},"image":{"@id":"https:\/\/www.zappyrent.com\/it\/blog\/il-locatario-puo-partecipare-allassemblea-di-condominio\/#primaryimage"},"thumbnailUrl":"https:\/\/www.zappyrent.com\/wp\/app\/uploads\/2023\/09\/il-locatario-puo-partecipare-allassemblea-di-condominio.jpg","articleSection":["Blog"],"inLanguage":"it-IT"},{"@type":"WebPage","@id":"https:\/\/www.zappyrent.com\/it\/blog\/il-locatario-puo-partecipare-allassemblea-di-condominio\/","url":"https:\/\/www.zappyrent.com\/it\/blog\/il-locatario-puo-partecipare-allassemblea-di-condominio\/","name":"Il locatario pu\u00f2 partecipare all'assemblea di condominio?","isPartOf":{"@id":"https:\/\/www.zappyrent.com\/it\/#website"},"primaryImageOfPage":{"@id":"https:\/\/www.zappyrent.com\/it\/blog\/il-locatario-puo-partecipare-allassemblea-di-condominio\/#primaryimage"},"image":{"@id":"https:\/\/www.zappyrent.com\/it\/blog\/il-locatario-puo-partecipare-allassemblea-di-condominio\/#primaryimage"},"thumbnailUrl":"https:\/\/www.zappyrent.com\/wp\/app\/uploads\/2023\/09\/il-locatario-puo-partecipare-allassemblea-di-condominio.jpg","datePublished":"2023-09-24T14:20:04+00:00","dateModified":"2025-02-18T16:22:53+00:00","breadcrumb":{"@id":"https:\/\/www.zappyrent.com\/it\/blog\/il-locatario-puo-partecipare-allassemblea-di-condominio\/#breadcrumb"},"inLanguage":"it-IT","potentialAction":[{"@type":"ReadAction","target":["https:\/\/www.zappyrent.com\/it\/blog\/il-locatario-puo-partecipare-allassemblea-di-condominio\/"]}]},{"@type":"ImageObject","inLanguage":"it-IT","@id":"https:\/\/www.zappyrent.com\/it\/blog\/il-locatario-puo-partecipare-allassemblea-di-condominio\/#primaryimage","url":"https:\/\/www.zappyrent.com\/wp\/app\/uploads\/2023\/09\/il-locatario-puo-partecipare-allassemblea-di-condominio.jpg","contentUrl":"https:\/\/www.zappyrent.com\/wp\/app\/uploads\/2023\/09\/il-locatario-puo-partecipare-allassemblea-di-condominio.jpg","width":1217,"height":694,"caption":"il locatario pu\u00f2 partecipare all'assemblea di condominio"},{"@type":"BreadcrumbList","@id":"https:\/\/www.zappyrent.com\/it\/blog\/il-locatario-puo-partecipare-allassemblea-di-condominio\/#breadcrumb","itemListElement":[{"@type":"ListItem","position":1,"name":"Home","item":"https:\/\/www.zappyrent.com\/it\/"},{"@type":"ListItem","position":2,"name":"Il locatario pu\u00f2 partecipare all&#8217;assemblea di condominio?"}]},{"@type":"WebSite","@id":"https:\/\/www.zappyrent.com\/it\/#website","url":"https:\/\/www.zappyrent.com\/it\/","name":"https:\/\/www.zappyrent.com\/it\/blog\/","description":"","publisher":{"@id":"https:\/\/www.zappyrent.com\/it\/#organization"},"potentialAction":[{"@type":"SearchAction","target":{"@type":"EntryPoint","urlTemplate":"https:\/\/www.zappyrent.com\/it\/?s={search_term_string}"},"query-input":{"@type":"PropertyValueSpecification","valueRequired":true,"valueName":"search_term_string"}}],"inLanguage":"it-IT"},{"@type":"Organization","@id":"https:\/\/www.zappyrent.com\/it\/#organization","name":"Zappyrent","url":"https:\/\/www.zappyrent.com\/it\/","logo":{"@type":"ImageObject","inLanguage":"it-IT","@id":"https:\/\/www.zappyrent.com\/it\/#\/schema\/logo\/image\/","url":"https:\/\/www.zappyrent.com\/wp\/app\/uploads\/2024\/05\/cropped-ZAPPYRENT-IL-BLOG-1.png","contentUrl":"https:\/\/www.zappyrent.com\/wp\/app\/uploads\/2024\/05\/cropped-ZAPPYRENT-IL-BLOG-1.png","width":2808,"height":1022,"caption":"Zappyrent"},"image":{"@id":"https:\/\/www.zappyrent.com\/it\/#\/schema\/logo\/image\/"},"sameAs":["https:\/\/www.facebook.com\/Zappyrent\/","https:\/\/www.instagram.com\/zappyrent\/"]},{"@type":"Person","@id":"https:\/\/www.zappyrent.com\/it\/#\/schema\/person\/525ab92f63452450dde3867c7d059f26","name":"Zappyrent","image":{"@type":"ImageObject","inLanguage":"it-IT","@id":"https:\/\/www.zappyrent.com\/it\/#\/schema\/person\/image\/","url":"https:\/\/secure.gravatar.com\/avatar\/7648dbed32cdf99b82d07cb0b8ce9fe7?s=96&d=mm&r=g","contentUrl":"https:\/\/secure.gravatar.com\/avatar\/7648dbed32cdf99b82d07cb0b8ce9fe7?s=96&d=mm&r=g","caption":"Zappyrent"},"url":"https:\/\/www.zappyrent.com\/it\/author\/sebastiano\/"}]}},"modified_by":"zappy","uagb_featured_image_src":{"full":["https:\/\/www.zappyrent.com\/wp\/app\/uploads\/2023\/09\/il-locatario-puo-partecipare-allassemblea-di-condominio.jpg",1217,694,false],"thumbnail":["https:\/\/www.zappyrent.com\/wp\/app\/uploads\/2023\/09\/il-locatario-puo-partecipare-allassemblea-di-condominio-150x150.jpg",150,150,true],"medium":["https:\/\/www.zappyrent.com\/wp\/app\/uploads\/2023\/09\/il-locatario-puo-partecipare-allassemblea-di-condominio-600x342.jpg",600,342,true],"medium_large":["https:\/\/www.zappyrent.com\/wp\/app\/uploads\/2023\/09\/il-locatario-puo-partecipare-allassemblea-di-condominio-768x438.jpg",640,365,true],"large":["https:\/\/www.zappyrent.com\/wp\/app\/uploads\/2023\/09\/il-locatario-puo-partecipare-allassemblea-di-condominio-1200x684.jpg",640,365,true],"1536x1536":["https:\/\/www.zappyrent.com\/wp\/app\/uploads\/2023\/09\/il-locatario-puo-partecipare-allassemblea-di-condominio.jpg",1217,694,false],"2048x2048":["https:\/\/www.zappyrent.com\/wp\/app\/uploads\/2023\/09\/il-locatario-puo-partecipare-allassemblea-di-condominio.jpg",1217,694,false],"pgmb-post-image":["https:\/\/www.zappyrent.com\/wp\/app\/uploads\/2023\/09\/il-locatario-puo-partecipare-allassemblea-di-condominio-1200x684.jpg",1200,684,true],"prefer-thumbnail-size":["https:\/\/www.zappyrent.com\/wp\/app\/uploads\/2023\/09\/il-locatario-puo-partecipare-allassemblea-di-condominio-800x694.jpg",800,694,true],"prefer-related-size":["https:\/\/www.zappyrent.com\/wp\/app\/uploads\/2023\/09\/il-locatario-puo-partecipare-allassemblea-di-condominio-600x400.jpg",600,400,true],"prefer-promo-post":["https:\/\/www.zappyrent.com\/wp\/app\/uploads\/2023\/09\/il-locatario-puo-partecipare-allassemblea-di-condominio-800x500.jpg",800,500,true],"prefer-related-post-thumbnails":["https:\/\/www.zappyrent.com\/wp\/app\/uploads\/2023\/09\/il-locatario-puo-partecipare-allassemblea-di-condominio-850x550.jpg",850,550,true],"mailpoet_newsletter_max":["https:\/\/www.zappyrent.com\/wp\/app\/uploads\/2023\/09\/il-locatario-puo-partecipare-allassemblea-di-condominio.jpg",1217,694,false],"web-stories-poster-portrait":["https:\/\/www.zappyrent.com\/wp\/app\/uploads\/2023\/09\/il-locatario-puo-partecipare-allassemblea-di-condominio-640x694.jpg",640,694,true],"web-stories-publisher-logo":["https:\/\/www.zappyrent.com\/wp\/app\/uploads\/2023\/09\/il-locatario-puo-partecipare-allassemblea-di-condominio-96x96.jpg",96,96,true],"web-stories-thumbnail":["https:\/\/www.zappyrent.com\/wp\/app\/uploads\/2023\/09\/il-locatario-puo-partecipare-allassemblea-di-condominio-150x86.jpg",150,86,true]},"uagb_author_info":{"display_name":"Zappyrent","author_link":"https:\/\/www.zappyrent.com\/it\/author\/sebastiano\/"},"uagb_comment_info":0,"uagb_excerpt":"Se stai cercando, per la prima volta, una casa da prendere in affitto , sono","_links":{"self":[{"href":"https:\/\/www.zappyrent.com\/it\/wp-json\/wp\/v2\/posts\/4192"}],"collection":[{"href":"https:\/\/www.zappyrent.com\/it\/wp-json\/wp\/v2\/posts"}],"about":[{"href":"https:\/\/www.zappyrent.com\/it\/wp-json\/wp\/v2\/types\/post"}],"author":[{"embeddable":true,"href":"https:\/\/www.zappyrent.com\/it\/wp-json\/wp\/v2\/users\/4"}],"replies":[{"embeddable":true,"href":"https:\/\/www.zappyrent.com\/it\/wp-json\/wp\/v2\/comments?post=4192"}],"version-history":[{"count":5,"href":"https:\/\/www.zappyrent.com\/it\/wp-json\/wp\/v2\/posts\/4192\/revisions"}],"predecessor-version":[{"id":8600,"href":"https:\/\/www.zappyrent.com\/it\/wp-json\/wp\/v2\/posts\/4192\/revisions\/8600"}],"wp:featuredmedia":[{"embeddable":true,"href":"https:\/\/www.zappyrent.com\/it\/wp-json\/wp\/v2\/media\/4194"}],"wp:attachment":[{"href":"https:\/\/www.zappyrent.com\/it\/wp-json\/wp\/v2\/media?parent=4192"}],"wp:term":[{"taxonomy":"category","embeddable":true,"href":"https:\/\/www.zappyrent.com\/it\/wp-json\/wp\/v2\/categories?post=4192"},{"taxonomy":"post_tag","embeddable":true,"href":"https:\/\/www.zappyrent.com\/it\/wp-json\/wp\/v2\/tags?post=4192"}],"curies":[{"name":"wp","href":"https:\/\/api.w.org\/{rel}","templated":true}]}}