{"id":4161,"date":"2023-09-13T19:54:00","date_gmt":"2023-09-13T17:54:00","guid":{"rendered":"https:\/\/www.zappyrent.com\/?p=4161"},"modified":"2024-09-26T17:06:15","modified_gmt":"2024-09-26T15:06:15","slug":"canone-concordato-a-milano","status":"publish","type":"post","link":"https:\/\/www.zappyrent.com\/it\/blog\/canone-concordato-a-milano\/","title":{"rendered":"Canone concordato a Milano: le novit\u00e0 per proprietari e inquilini"},"content":{"rendered":"<p><strong>Canone concordato a Milano<\/strong>: come potrebbero influire i nuovi accordi sulla situazione degli affitti nel capoluogo lombardo? Quando si parla di locazioni a Milano, si sa perfettamente che la situazione non ha eguali. Il quadro del caro affitti sotto la Madonnina ha creato quello che, a ragione, si pu\u00f2 definire come un circolo vizioso. I prezzi richiesti al mese sono talmente onerosi da rendere difficile, per i proprietari degli immobili che scelgono di <a href=\"https:\/\/www.zappyrent.com\/it\/pubblica-annuncio-gratis\" target=\"_blank\" rel=\"noopener\">metterli a reddito<\/a>, la scelta del canone concordato.<\/p>\n<p>Il risultato? I prezzi degli affitti che continuano a salire, portando sempre pi\u00f9 persone a guardare verso gli <a href=\"https:\/\/milano.corriere.it\/notizie\/cronaca\/23_settembre_04\/caro-affitti-a-milano-lucia-vivo-a-cernusco-a-15-minuti-di-metro-posso-permettermi-un-trilocale-2601ff96-fee4-4a10-9905-b70f36294xlk.shtml\" target=\"_blank\" rel=\"noopener\">immobili dell&#8217;hinterland<\/a>. In questo contesto, \u00e8 arrivata una novit\u00e0 degna di nota:<strong> il nuovo accordo per il canone concordato sottoscritto lo scorso 27 luglio<\/strong>. Cosa prevede? Ha le carte in regola per rappresentare un fattore in grado di cambiare le cose dal punto di vista del caro affitti nella citt\u00e0 della moda? Vediamo assieme le risposte nelle prossime righe.<\/p>\n<h2>Contratto a canone concordato: cosa prevede?<\/h2>\n<p>Prima di entrare nel vivo del possibile impatto del nuovo accordo per il canone concordato a Milano, vediamo di cosa si parla quando si chiama in causa la suddetta tipologia di contratto.<\/p>\n<p>Disciplinato dalla <a href=\"https:\/\/www.normattiva.it\/uri-res\/N2Ls?urn:nir:stato:legge:1998-12-09;431\" target=\"_blank\" rel=\"noopener\">Legge 431\/98<\/a>, il <strong>canone concordato<\/strong> \u00e8 vantaggioso sia per il locatore, sia per il locatario. Nel primo caso, \u00e8 possibile apprezzare<strong> aspetti positivi come la <a href=\"https:\/\/www.zappyrent.com\/it\/blog\/detrazione-affitto-730-la-guida-del-2024\/\">cedolare secca<\/a> al 10%, la riduzione dell&#8217;IMU e quella della base del reddito imponibile IRPEF<\/strong>, senza dimenticare quella dell&#8217;imposta di registro.<\/p>\n<p>Il canone concordato \u00e8 oggetto di periodiche revisioni frutto della sottoscrizione di accordi locali che coinvolgono gli organi di rappresentanza degli inquilini e dei proprietari.<\/p>\n<p>Queste ultime, accordandosi, fissano i valori del canone di locazione concordato sulla base di criteri come la zona della citt\u00e0 e le condizioni dell&#8217;immobile dove la casa si trova.<\/p>\n<h2>Tabelle del canone a Milano: l&#8217;aggiornamento del 2023<\/h2>\n<p><a href=\"https:\/\/get.zappyrent.com\/steps2_blog\/?utm_source=organic&amp;utm_medium=blog&amp;utm_campaign=locatore&amp;tr=lead_blog_protezione_locatore\"><img fetchpriority=\"high\" decoding=\"async\" class=\"alignnone wp-image-5975 size-full\" src=\"https:\/\/www.zappyrent.com\/wp\/app\/uploads\/2024\/08\/banner-26.png\" alt=\"\" width=\"4187\" height=\"1434\" srcset=\"https:\/\/www.zappyrent.com\/wp\/app\/uploads\/2024\/08\/banner-26.png 4187w, https:\/\/www.zappyrent.com\/wp\/app\/uploads\/2024\/08\/banner-26-600x205.png 600w, https:\/\/www.zappyrent.com\/wp\/app\/uploads\/2024\/08\/banner-26-1200x411.png 1200w, https:\/\/www.zappyrent.com\/wp\/app\/uploads\/2024\/08\/banner-26-768x263.png 768w, https:\/\/www.zappyrent.com\/wp\/app\/uploads\/2024\/08\/banner-26-1536x526.png 1536w, https:\/\/www.zappyrent.com\/wp\/app\/uploads\/2024\/08\/banner-26-2048x701.png 2048w, https:\/\/www.zappyrent.com\/wp\/app\/uploads\/2024\/08\/banner-26-150x51.png 150w\" sizes=\"(max-width: 4187px) 100vw, 4187px\" \/><\/a><\/p>\n<p>Con lo scopo di <strong>incentivare i proprietari di immobili sotto la Madonnina a fare ricorso al canone concordato<\/strong> &#8211; i numeri in citt\u00e0 sono a dir poco bassi, pari a 800 contratti nel 2022 contro i pi\u00f9 di 35mila a canone libero &#8211; \u00e8 stato siglato l&#8217;accordo sopra menzionato.<\/p>\n<p>Quando lo si chiama in causa, \u00e8 necessario rammentare il suo essere caratterizzato innanzitutto da una revisione dei prezzi degli affitti, pi\u00f9 bassi del libero mercato. <strong>La citt\u00e0 \u00e8 divisa in cinque zone, con una riduzione rispetto al passato (nel 2019 erano 12)<\/strong>. Ciascuna di esse, prevede tra fasce di quotazione entro le quali fissare il canone per il proprio immobile da mettere in affitto (ovviamente, come gi\u00e0 accennato, \u00e8 necessario tenere in considerazione le caratteristiche dell&#8217;immobile stesso).<\/p>\n<p>Ecco i limiti del canone nelle varie zone:<\/p>\n<ul>\n<li>Zona 1: canone minimo di 100 euro annui al metro quadro e massimo di 310;<\/li>\n<li>zona 2: canone minimo di 70 euro all&#8217;anno al metro quadro e massimo di 180;<\/li>\n<li>zona 3: canone concordato minimo di 60 euro annui\/metro quadro e massimo di 170;<\/li>\n<li>zona 4: canone minimo di 55 euro annui al metro quadro e massimo di 160;<\/li>\n<li>zona 5: canone minimo di 50 euro all&#8217;anno\/mq e massimo pari a 130.<\/li>\n<\/ul>\n<p>La grande novit\u00e0 di questo accordo sul canone concordato a Milano riguarda l&#8217;<strong>introduzione di tariffe forfettarie per il canone di affitto della <a href=\"https:\/\/www.zappyrent.com\/it\/affitti-milano\/stanze-singole\" target=\"_blank\" rel=\"noopener\">stanze<\/a> date in locazione agli studenti,<\/strong> le cui <strong>proteste,<\/strong> negli ultimi mesi, hanno tenuto banco a livello mediatico.<\/p>\n<p>I limiti massimi sono i seguenti:<\/p>\n<ul>\n<li>Zona 2: 600 euro mensili;<\/li>\n<li>zona 3: 500 euro mensili;<\/li>\n<li>zona 4: 450 euro mensili;<\/li>\n<li>zona 5: 400 euro mensili.<\/li>\n<\/ul>\n<h2>Aliquota IMU del canone concordato a Milano: a quanto corrisponde?<\/h2>\n<p>Proseguiamo il nostro percorso di analisi delle novit\u00e0 relative al canone concordato a Milano parlando dell&#8217;a<strong>liquota IMU<\/strong> che, per i proprietari che scelgono la strada oggetto di questo articolo, \u00e8 agevolata. A quanto corrisponde? <strong>All0 0,73%. <\/strong><\/p>\n<p>L&#8217;aliquota IMU agevolata non \u00e8 la sola innovazione tramite la quale si punta ad alzare i numeri del canone concordato a Milano. Il nuovo accordo prevede, per esempio, la riduzione del 30% della base di reddito imponibile a partire dalla quale si calcola l&#8217;imposta di registro.<\/p>\n<h2>Altre novit\u00e0<\/h2>\n<p>Le novit\u00e0 riguardanti l<strong>&#8216;accordo per il canone concordato a Milano<\/strong> comprendono anche un <strong>contributo\u00a0<em>una tantum\u00a0<\/em>pari a 2000 euro per ciascun contratto di locazione immobiliare sottoscritto optando per il canone concordato. <\/strong>Per rendere attrattiva questa soluzione, sono previsti pure un <strong>contributo economico per le ristrutturazioni edilizie<\/strong> &#8211; l&#8217;ammontare \u00e8 4000 euro &#8211; e un <strong>fondo di garanzia per le morosit\u00e0, con copertura fino a 18 mesi.<\/strong><\/p>\n<p>L&#8217;accordo sottoscritto lo scorso 27 luglio, per il quale \u00e8 prevista una<strong> durata triennale e la possibilit\u00e0 di applicazione anche da parte dei Comuni della citt\u00e0 metropolitana<\/strong>, sar\u00e0 sufficiente a risolvere le numerose problematiche che caratterizzano il quadro delle locazioni nel capoluogo lombardo?<\/p>\n<p><a href=\"https:\/\/get.zappyrent.com\/steps2_blog\/?utm_source=organic&amp;utm_medium=blog&amp;utm_campaign=locatore&amp;tr=lead_blog_protezione_locatore\"><img fetchpriority=\"high\" decoding=\"async\" class=\"alignnone wp-image-5975 size-full\" src=\"https:\/\/www.zappyrent.com\/wp\/app\/uploads\/2024\/08\/banner-26.png\" alt=\"\" width=\"4187\" height=\"1434\" srcset=\"https:\/\/www.zappyrent.com\/wp\/app\/uploads\/2024\/08\/banner-26.png 4187w, https:\/\/www.zappyrent.com\/wp\/app\/uploads\/2024\/08\/banner-26-600x205.png 600w, https:\/\/www.zappyrent.com\/wp\/app\/uploads\/2024\/08\/banner-26-1200x411.png 1200w, https:\/\/www.zappyrent.com\/wp\/app\/uploads\/2024\/08\/banner-26-768x263.png 768w, https:\/\/www.zappyrent.com\/wp\/app\/uploads\/2024\/08\/banner-26-1536x526.png 1536w, https:\/\/www.zappyrent.com\/wp\/app\/uploads\/2024\/08\/banner-26-2048x701.png 2048w, https:\/\/www.zappyrent.com\/wp\/app\/uploads\/2024\/08\/banner-26-150x51.png 150w\" sizes=\"(max-width: 4187px) 100vw, 4187px\" \/><\/a><\/p>\n<h2>I commenti<\/h2>\n<p>In diversi hanno commentato la news dell&#8217;<strong>accordo sul canone concordato a Milano.<\/strong> Tornando un attimo ancora sulle novit\u00e0, \u00e8 possibile menzionare pure l&#8217;introduzione, mai vista prima, di regole per la locazione transitoria destinate a organizzazioni non profit che accolgono nuclei familiari che vivono una situazione di emergenza abitativa dovuta a crisi umanitarie (profughi, richiedenti asilo, migranti, rifugiati politici etc.).<\/p>\n<p><strong>Tra gli aspetti pi\u00f9 apprezzati spicca la gi\u00e0 citata riduzione delle zone<\/strong> &#8211; la suddivisione specifica si pu\u00f2 vedere sul <a href=\"https:\/\/geoportale.comune.milano.it\/portal\/apps\/webappviewer\/index.html?id=f1687d3d15194085a890519c16275ada\" target=\"_blank\" rel=\"noopener\">sito del Comune<\/a> &#8211; ma anche il focus sulle caratteristiche dell&#8217;immobile, aspetto che concorre, assieme alla zona in cui \u00e8 collocato, a definirne il valore di mercato. Da parte dei sindacati, \u00e8 arrivato un plauso all&#8217;accordo, che viene considerato come una possibile strada per arginare un quadro per il quale \u00e8 stato utilizzato il termine &#8220;speculazione&#8221;.<\/p>\n<p>Pierfrancesco Maran, assessore alla casa, parlando dell&#8217;accordo nel corso delle dichiarazioni rilasciate ai media ha sottolineato l&#8217;importanza della semplificazione delle procedure, step fondamentale &#8220;per permettere a un numero sempre maggiore di cittadini di conoscere e utilizzare lo strumento del contratto di locazione a canone concordato&#8221;.<\/p>\n","protected":false},"excerpt":{"rendered":"<p>Canone concordato a Milano: come potrebbero influire i nuovi accordi sulla situazione degli affitti nel<\/p>\n","protected":false},"author":4,"featured_media":4162,"comment_status":"closed","ping_status":"closed","sticky":false,"template":"","format":"standard","meta":{"_yoast_wpseo_focuskw":"","_yoast_wpseo_title":"","_yoast_wpseo_metadesc":"","_mo_disable_npp":"","_uag_custom_page_level_css":"","_lmt_disableupdate":"no","_lmt_disable":"no","_mbp_gutenberg_autopost":false,"footnotes":""},"categories":[9],"tags":[],"class_list":["post-4161","post","type-post","status-publish","format-standard","has-post-thumbnail","hentry","category-blog"],"yoast_head":"<!-- This site is optimized with the Yoast SEO plugin v23.4 - https:\/\/yoast.com\/wordpress\/plugins\/seo\/ -->\n<title>Canone concordato a Milano: le novit\u00e0 per proprietari e inquilini<\/title>\n<meta name=\"robots\" content=\"index, follow, max-snippet:-1, max-image-preview:large, max-video-preview:-1\" \/>\n<link rel=\"canonical\" href=\"https:\/\/www.zappyrent.com\/it\/blog\/canone-concordato-a-milano\/\" \/>\n<meta property=\"og:locale\" content=\"it_IT\" \/>\n<meta property=\"og:type\" content=\"article\" \/>\n<meta property=\"og:title\" content=\"Canone concordato a Milano: le novit\u00e0 per proprietari e inquilini\" \/>\n<meta property=\"og:description\" content=\"Canone concordato a Milano: come potrebbero influire i nuovi accordi sulla situazione degli affitti nel\" \/>\n<meta property=\"og:url\" content=\"https:\/\/www.zappyrent.com\/it\/blog\/canone-concordato-a-milano\/\" \/>\n<meta property=\"article:publisher\" content=\"https:\/\/www.facebook.com\/Zappyrent\/\" \/>\n<meta property=\"article:published_time\" content=\"2023-09-13T17:54:00+00:00\" \/>\n<meta property=\"article:modified_time\" content=\"2024-09-26T15:06:15+00:00\" \/>\n<meta property=\"og:image\" content=\"https:\/\/www.zappyrent.com\/wp\/app\/uploads\/2023\/09\/canone-concordato-a-milano-.jpg\" \/>\n\t<meta property=\"og:image:width\" content=\"1217\" \/>\n\t<meta property=\"og:image:height\" content=\"694\" \/>\n\t<meta property=\"og:image:type\" content=\"image\/jpeg\" \/>\n<meta name=\"author\" content=\"Zappyrent\" \/>\n<meta name=\"twitter:card\" content=\"summary_large_image\" \/>\n<meta name=\"twitter:label1\" content=\"Written by\" \/>\n\t<meta name=\"twitter:data1\" content=\"Zappyrent\" \/>\n\t<meta name=\"twitter:label2\" content=\"Est. reading time\" \/>\n\t<meta name=\"twitter:data2\" content=\"5 minuti\" \/>\n<script type=\"application\/ld+json\" class=\"yoast-schema-graph\">{\"@context\":\"https:\/\/schema.org\",\"@graph\":[{\"@type\":\"Article\",\"@id\":\"https:\/\/www.zappyrent.com\/it\/blog\/canone-concordato-a-milano\/#article\",\"isPartOf\":{\"@id\":\"https:\/\/www.zappyrent.com\/it\/blog\/canone-concordato-a-milano\/\"},\"author\":{\"name\":\"Zappyrent\",\"@id\":\"https:\/\/www.zappyrent.com\/it\/#\/schema\/person\/525ab92f63452450dde3867c7d059f26\"},\"headline\":\"Canone concordato a Milano: le novit\u00e0 per proprietari e inquilini\",\"datePublished\":\"2023-09-13T17:54:00+00:00\",\"dateModified\":\"2024-09-26T15:06:15+00:00\",\"mainEntityOfPage\":{\"@id\":\"https:\/\/www.zappyrent.com\/it\/blog\/canone-concordato-a-milano\/\"},\"wordCount\":924,\"publisher\":{\"@id\":\"https:\/\/www.zappyrent.com\/it\/#organization\"},\"image\":{\"@id\":\"https:\/\/www.zappyrent.com\/it\/blog\/canone-concordato-a-milano\/#primaryimage\"},\"thumbnailUrl\":\"https:\/\/www.zappyrent.com\/wp\/app\/uploads\/2023\/09\/canone-concordato-a-milano-.jpg\",\"articleSection\":[\"Blog\"],\"inLanguage\":\"it-IT\"},{\"@type\":\"WebPage\",\"@id\":\"https:\/\/www.zappyrent.com\/it\/blog\/canone-concordato-a-milano\/\",\"url\":\"https:\/\/www.zappyrent.com\/it\/blog\/canone-concordato-a-milano\/\",\"name\":\"Canone concordato a Milano: le novit\u00e0 per proprietari e inquilini\",\"isPartOf\":{\"@id\":\"https:\/\/www.zappyrent.com\/it\/#website\"},\"primaryImageOfPage\":{\"@id\":\"https:\/\/www.zappyrent.com\/it\/blog\/canone-concordato-a-milano\/#primaryimage\"},\"image\":{\"@id\":\"https:\/\/www.zappyrent.com\/it\/blog\/canone-concordato-a-milano\/#primaryimage\"},\"thumbnailUrl\":\"https:\/\/www.zappyrent.com\/wp\/app\/uploads\/2023\/09\/canone-concordato-a-milano-.jpg\",\"datePublished\":\"2023-09-13T17:54:00+00:00\",\"dateModified\":\"2024-09-26T15:06:15+00:00\",\"breadcrumb\":{\"@id\":\"https:\/\/www.zappyrent.com\/it\/blog\/canone-concordato-a-milano\/#breadcrumb\"},\"inLanguage\":\"it-IT\",\"potentialAction\":[{\"@type\":\"ReadAction\",\"target\":[\"https:\/\/www.zappyrent.com\/it\/blog\/canone-concordato-a-milano\/\"]}]},{\"@type\":\"ImageObject\",\"inLanguage\":\"it-IT\",\"@id\":\"https:\/\/www.zappyrent.com\/it\/blog\/canone-concordato-a-milano\/#primaryimage\",\"url\":\"https:\/\/www.zappyrent.com\/wp\/app\/uploads\/2023\/09\/canone-concordato-a-milano-.jpg\",\"contentUrl\":\"https:\/\/www.zappyrent.com\/wp\/app\/uploads\/2023\/09\/canone-concordato-a-milano-.jpg\",\"width\":1217,\"height\":694,\"caption\":\"canone concordato a milano\"},{\"@type\":\"BreadcrumbList\",\"@id\":\"https:\/\/www.zappyrent.com\/it\/blog\/canone-concordato-a-milano\/#breadcrumb\",\"itemListElement\":[{\"@type\":\"ListItem\",\"position\":1,\"name\":\"Home\",\"item\":\"https:\/\/www.zappyrent.com\/it\/\"},{\"@type\":\"ListItem\",\"position\":2,\"name\":\"Canone concordato a Milano: le novit\u00e0 per proprietari e inquilini\"}]},{\"@type\":\"WebSite\",\"@id\":\"https:\/\/www.zappyrent.com\/it\/#website\",\"url\":\"https:\/\/www.zappyrent.com\/it\/\",\"name\":\"https:\/\/www.zappyrent.com\/it\/blog\/\",\"description\":\"\",\"publisher\":{\"@id\":\"https:\/\/www.zappyrent.com\/it\/#organization\"},\"potentialAction\":[{\"@type\":\"SearchAction\",\"target\":{\"@type\":\"EntryPoint\",\"urlTemplate\":\"https:\/\/www.zappyrent.com\/it\/?s={search_term_string}\"},\"query-input\":{\"@type\":\"PropertyValueSpecification\",\"valueRequired\":true,\"valueName\":\"search_term_string\"}}],\"inLanguage\":\"it-IT\"},{\"@type\":\"Organization\",\"@id\":\"https:\/\/www.zappyrent.com\/it\/#organization\",\"name\":\"Zappyrent\",\"url\":\"https:\/\/www.zappyrent.com\/it\/\",\"logo\":{\"@type\":\"ImageObject\",\"inLanguage\":\"it-IT\",\"@id\":\"https:\/\/www.zappyrent.com\/it\/#\/schema\/logo\/image\/\",\"url\":\"https:\/\/www.zappyrent.com\/wp\/app\/uploads\/2024\/05\/cropped-ZAPPYRENT-IL-BLOG-1.png\",\"contentUrl\":\"https:\/\/www.zappyrent.com\/wp\/app\/uploads\/2024\/05\/cropped-ZAPPYRENT-IL-BLOG-1.png\",\"width\":2808,\"height\":1022,\"caption\":\"Zappyrent\"},\"image\":{\"@id\":\"https:\/\/www.zappyrent.com\/it\/#\/schema\/logo\/image\/\"},\"sameAs\":[\"https:\/\/www.facebook.com\/Zappyrent\/\",\"https:\/\/www.instagram.com\/zappyrent\/\"]},{\"@type\":\"Person\",\"@id\":\"https:\/\/www.zappyrent.com\/it\/#\/schema\/person\/525ab92f63452450dde3867c7d059f26\",\"name\":\"Zappyrent\",\"image\":{\"@type\":\"ImageObject\",\"inLanguage\":\"it-IT\",\"@id\":\"https:\/\/www.zappyrent.com\/it\/#\/schema\/person\/image\/\",\"url\":\"https:\/\/secure.gravatar.com\/avatar\/7648dbed32cdf99b82d07cb0b8ce9fe7?s=96&d=mm&r=g\",\"contentUrl\":\"https:\/\/secure.gravatar.com\/avatar\/7648dbed32cdf99b82d07cb0b8ce9fe7?s=96&d=mm&r=g\",\"caption\":\"Zappyrent\"},\"url\":\"https:\/\/www.zappyrent.com\/it\/author\/sebastiano\/\"}]}<\/script>\n<!-- \/ Yoast SEO plugin. -->","yoast_head_json":{"title":"Canone concordato a Milano: le novit\u00e0 per proprietari e inquilini","robots":{"index":"index","follow":"follow","max-snippet":"max-snippet:-1","max-image-preview":"max-image-preview:large","max-video-preview":"max-video-preview:-1"},"canonical":"https:\/\/www.zappyrent.com\/it\/blog\/canone-concordato-a-milano\/","og_locale":"it_IT","og_type":"article","og_title":"Canone concordato a Milano: le novit\u00e0 per proprietari e inquilini","og_description":"Canone concordato a Milano: come potrebbero influire i nuovi accordi sulla situazione degli affitti nel","og_url":"https:\/\/www.zappyrent.com\/it\/blog\/canone-concordato-a-milano\/","article_publisher":"https:\/\/www.facebook.com\/Zappyrent\/","article_published_time":"2023-09-13T17:54:00+00:00","article_modified_time":"2024-09-26T15:06:15+00:00","og_image":[{"width":1217,"height":694,"url":"https:\/\/www.zappyrent.com\/wp\/app\/uploads\/2023\/09\/canone-concordato-a-milano-.jpg","type":"image\/jpeg"}],"author":"Zappyrent","twitter_card":"summary_large_image","twitter_misc":{"Written by":"Zappyrent","Est. reading time":"5 minuti"},"schema":{"@context":"https:\/\/schema.org","@graph":[{"@type":"Article","@id":"https:\/\/www.zappyrent.com\/it\/blog\/canone-concordato-a-milano\/#article","isPartOf":{"@id":"https:\/\/www.zappyrent.com\/it\/blog\/canone-concordato-a-milano\/"},"author":{"name":"Zappyrent","@id":"https:\/\/www.zappyrent.com\/it\/#\/schema\/person\/525ab92f63452450dde3867c7d059f26"},"headline":"Canone concordato a Milano: le novit\u00e0 per proprietari e inquilini","datePublished":"2023-09-13T17:54:00+00:00","dateModified":"2024-09-26T15:06:15+00:00","mainEntityOfPage":{"@id":"https:\/\/www.zappyrent.com\/it\/blog\/canone-concordato-a-milano\/"},"wordCount":924,"publisher":{"@id":"https:\/\/www.zappyrent.com\/it\/#organization"},"image":{"@id":"https:\/\/www.zappyrent.com\/it\/blog\/canone-concordato-a-milano\/#primaryimage"},"thumbnailUrl":"https:\/\/www.zappyrent.com\/wp\/app\/uploads\/2023\/09\/canone-concordato-a-milano-.jpg","articleSection":["Blog"],"inLanguage":"it-IT"},{"@type":"WebPage","@id":"https:\/\/www.zappyrent.com\/it\/blog\/canone-concordato-a-milano\/","url":"https:\/\/www.zappyrent.com\/it\/blog\/canone-concordato-a-milano\/","name":"Canone concordato a Milano: le novit\u00e0 per proprietari e inquilini","isPartOf":{"@id":"https:\/\/www.zappyrent.com\/it\/#website"},"primaryImageOfPage":{"@id":"https:\/\/www.zappyrent.com\/it\/blog\/canone-concordato-a-milano\/#primaryimage"},"image":{"@id":"https:\/\/www.zappyrent.com\/it\/blog\/canone-concordato-a-milano\/#primaryimage"},"thumbnailUrl":"https:\/\/www.zappyrent.com\/wp\/app\/uploads\/2023\/09\/canone-concordato-a-milano-.jpg","datePublished":"2023-09-13T17:54:00+00:00","dateModified":"2024-09-26T15:06:15+00:00","breadcrumb":{"@id":"https:\/\/www.zappyrent.com\/it\/blog\/canone-concordato-a-milano\/#breadcrumb"},"inLanguage":"it-IT","potentialAction":[{"@type":"ReadAction","target":["https:\/\/www.zappyrent.com\/it\/blog\/canone-concordato-a-milano\/"]}]},{"@type":"ImageObject","inLanguage":"it-IT","@id":"https:\/\/www.zappyrent.com\/it\/blog\/canone-concordato-a-milano\/#primaryimage","url":"https:\/\/www.zappyrent.com\/wp\/app\/uploads\/2023\/09\/canone-concordato-a-milano-.jpg","contentUrl":"https:\/\/www.zappyrent.com\/wp\/app\/uploads\/2023\/09\/canone-concordato-a-milano-.jpg","width":1217,"height":694,"caption":"canone concordato a milano"},{"@type":"BreadcrumbList","@id":"https:\/\/www.zappyrent.com\/it\/blog\/canone-concordato-a-milano\/#breadcrumb","itemListElement":[{"@type":"ListItem","position":1,"name":"Home","item":"https:\/\/www.zappyrent.com\/it\/"},{"@type":"ListItem","position":2,"name":"Canone concordato a Milano: le novit\u00e0 per proprietari e inquilini"}]},{"@type":"WebSite","@id":"https:\/\/www.zappyrent.com\/it\/#website","url":"https:\/\/www.zappyrent.com\/it\/","name":"https:\/\/www.zappyrent.com\/it\/blog\/","description":"","publisher":{"@id":"https:\/\/www.zappyrent.com\/it\/#organization"},"potentialAction":[{"@type":"SearchAction","target":{"@type":"EntryPoint","urlTemplate":"https:\/\/www.zappyrent.com\/it\/?s={search_term_string}"},"query-input":{"@type":"PropertyValueSpecification","valueRequired":true,"valueName":"search_term_string"}}],"inLanguage":"it-IT"},{"@type":"Organization","@id":"https:\/\/www.zappyrent.com\/it\/#organization","name":"Zappyrent","url":"https:\/\/www.zappyrent.com\/it\/","logo":{"@type":"ImageObject","inLanguage":"it-IT","@id":"https:\/\/www.zappyrent.com\/it\/#\/schema\/logo\/image\/","url":"https:\/\/www.zappyrent.com\/wp\/app\/uploads\/2024\/05\/cropped-ZAPPYRENT-IL-BLOG-1.png","contentUrl":"https:\/\/www.zappyrent.com\/wp\/app\/uploads\/2024\/05\/cropped-ZAPPYRENT-IL-BLOG-1.png","width":2808,"height":1022,"caption":"Zappyrent"},"image":{"@id":"https:\/\/www.zappyrent.com\/it\/#\/schema\/logo\/image\/"},"sameAs":["https:\/\/www.facebook.com\/Zappyrent\/","https:\/\/www.instagram.com\/zappyrent\/"]},{"@type":"Person","@id":"https:\/\/www.zappyrent.com\/it\/#\/schema\/person\/525ab92f63452450dde3867c7d059f26","name":"Zappyrent","image":{"@type":"ImageObject","inLanguage":"it-IT","@id":"https:\/\/www.zappyrent.com\/it\/#\/schema\/person\/image\/","url":"https:\/\/secure.gravatar.com\/avatar\/7648dbed32cdf99b82d07cb0b8ce9fe7?s=96&d=mm&r=g","contentUrl":"https:\/\/secure.gravatar.com\/avatar\/7648dbed32cdf99b82d07cb0b8ce9fe7?s=96&d=mm&r=g","caption":"Zappyrent"},"url":"https:\/\/www.zappyrent.com\/it\/author\/sebastiano\/"}]}},"modified_by":"zappy","uagb_featured_image_src":{"full":["https:\/\/www.zappyrent.com\/wp\/app\/uploads\/2023\/09\/canone-concordato-a-milano-.jpg",1217,694,false],"thumbnail":["https:\/\/www.zappyrent.com\/wp\/app\/uploads\/2023\/09\/canone-concordato-a-milano--150x150.jpg",150,150,true],"medium":["https:\/\/www.zappyrent.com\/wp\/app\/uploads\/2023\/09\/canone-concordato-a-milano--600x342.jpg",600,342,true],"medium_large":["https:\/\/www.zappyrent.com\/wp\/app\/uploads\/2023\/09\/canone-concordato-a-milano--768x438.jpg",640,365,true],"large":["https:\/\/www.zappyrent.com\/wp\/app\/uploads\/2023\/09\/canone-concordato-a-milano--1200x684.jpg",640,365,true],"1536x1536":["https:\/\/www.zappyrent.com\/wp\/app\/uploads\/2023\/09\/canone-concordato-a-milano-.jpg",1217,694,false],"2048x2048":["https:\/\/www.zappyrent.com\/wp\/app\/uploads\/2023\/09\/canone-concordato-a-milano-.jpg",1217,694,false],"pgmb-post-image":["https:\/\/www.zappyrent.com\/wp\/app\/uploads\/2023\/09\/canone-concordato-a-milano--1200x684.jpg",1200,684,true],"prefer-thumbnail-size":["https:\/\/www.zappyrent.com\/wp\/app\/uploads\/2023\/09\/canone-concordato-a-milano--800x694.jpg",800,694,true],"prefer-related-size":["https:\/\/www.zappyrent.com\/wp\/app\/uploads\/2023\/09\/canone-concordato-a-milano--600x400.jpg",600,400,true],"prefer-promo-post":["https:\/\/www.zappyrent.com\/wp\/app\/uploads\/2023\/09\/canone-concordato-a-milano--800x500.jpg",800,500,true],"prefer-related-post-thumbnails":["https:\/\/www.zappyrent.com\/wp\/app\/uploads\/2023\/09\/canone-concordato-a-milano--850x550.jpg",850,550,true],"mailpoet_newsletter_max":["https:\/\/www.zappyrent.com\/wp\/app\/uploads\/2023\/09\/canone-concordato-a-milano-.jpg",1217,694,false],"web-stories-poster-portrait":["https:\/\/www.zappyrent.com\/wp\/app\/uploads\/2023\/09\/canone-concordato-a-milano--640x694.jpg",640,694,true],"web-stories-publisher-logo":["https:\/\/www.zappyrent.com\/wp\/app\/uploads\/2023\/09\/canone-concordato-a-milano--96x96.jpg",96,96,true],"web-stories-thumbnail":["https:\/\/www.zappyrent.com\/wp\/app\/uploads\/2023\/09\/canone-concordato-a-milano--150x86.jpg",150,86,true]},"uagb_author_info":{"display_name":"Zappyrent","author_link":"https:\/\/www.zappyrent.com\/it\/author\/sebastiano\/"},"uagb_comment_info":0,"uagb_excerpt":"Canone concordato a Milano: come potrebbero influire i nuovi accordi sulla situazione degli affitti nel","_links":{"self":[{"href":"https:\/\/www.zappyrent.com\/it\/wp-json\/wp\/v2\/posts\/4161"}],"collection":[{"href":"https:\/\/www.zappyrent.com\/it\/wp-json\/wp\/v2\/posts"}],"about":[{"href":"https:\/\/www.zappyrent.com\/it\/wp-json\/wp\/v2\/types\/post"}],"author":[{"embeddable":true,"href":"https:\/\/www.zappyrent.com\/it\/wp-json\/wp\/v2\/users\/4"}],"replies":[{"embeddable":true,"href":"https:\/\/www.zappyrent.com\/it\/wp-json\/wp\/v2\/comments?post=4161"}],"version-history":[{"count":5,"href":"https:\/\/www.zappyrent.com\/it\/wp-json\/wp\/v2\/posts\/4161\/revisions"}],"predecessor-version":[{"id":6939,"href":"https:\/\/www.zappyrent.com\/it\/wp-json\/wp\/v2\/posts\/4161\/revisions\/6939"}],"wp:featuredmedia":[{"embeddable":true,"href":"https:\/\/www.zappyrent.com\/it\/wp-json\/wp\/v2\/media\/4162"}],"wp:attachment":[{"href":"https:\/\/www.zappyrent.com\/it\/wp-json\/wp\/v2\/media?parent=4161"}],"wp:term":[{"taxonomy":"category","embeddable":true,"href":"https:\/\/www.zappyrent.com\/it\/wp-json\/wp\/v2\/categories?post=4161"},{"taxonomy":"post_tag","embeddable":true,"href":"https:\/\/www.zappyrent.com\/it\/wp-json\/wp\/v2\/tags?post=4161"}],"curies":[{"name":"wp","href":"https:\/\/api.w.org\/{rel}","templated":true}]}}