{"id":348,"date":"2021-01-07T07:49:00","date_gmt":"2021-01-07T07:49:00","guid":{"rendered":"https:\/\/wp.zappyrent.com\/?p=348"},"modified":"2024-05-21T20:02:23","modified_gmt":"2024-05-21T18:02:23","slug":"lanno-della-pandemia-trasforma-laffitto-a-medio-termine-330-lofferta","status":"publish","type":"post","link":"https:\/\/www.zappyrent.com\/it\/press\/lanno-della-pandemia-trasforma-laffitto-a-medio-termine-330-lofferta\/","title":{"rendered":"L\u2019anno della pandemia trasforma l\u2019affitto a medio termine: +330% l\u2019offerta"},"content":{"rendered":"\r\n<p>La pandemia ha ridefinito, tra le altre cose, anche il complesso mondo della locazione: crollati gli affitti turistici in mancanza di utenti, nel 2020 abbiamo assistito alla loro trasformazione in affitti a medio termine. Secondo i dati di <strong><a class=\"rank-math-link\" href=\"https:\/\/www.zappyrent.com\/it\">Zappyrent<\/a><\/strong>, startup tecnologica italiana che punta a semplificare il mercato degli affitti a medio-lungo termine, l\u2019offerta di <strong>case vacanza e B&amp;B \u00e8 diventata offerta di appartamenti in affitto per periodi pi\u00f9 lunghi, compresi tra 1 e 24 mesi \u2013 <\/strong>in primis per studenti e lavoratori. La disponibilit\u00e0 di questa tipologia di immobili \u00e8 cresciuta, in Italia, del<strong> +330% in un anno.<\/strong> Secondo le analisi del portale sono state <strong>Bologna, Milano e Roma<\/strong> le citt\u00e0 che, nell\u2019ordine, hanno visto mutare pi\u00f9 velocemente la propria offerta di appartamenti: non a caso, \u00e8 l\u00ec che si \u00e8 sofferto maggiormente il crollo del turismo.<\/p>\r\n\r\n\r\n\r\n<p>Se l\u2019offerta aumenta, la domanda cala: smart working, didattica a distanza e interruzione degli scambi studio internazionali hanno liberato stanze e appartamenti, permettendo in alcune citt\u00e0 di respirare e di trovare pi\u00f9 facilmente alloggio dopo anni di vera penuria immobiliare.<\/p>\r\n\r\n\r\n\r\n<p>Altra variazione rispetto al passato \u00e8 quella relativa al periodo di soggiorno medio, che si \u00e8 allungato: <strong>la durata media del contratto d\u2019affitto sottoscritto \u00e8 passata da 5,9 a 8,1 mesi (+37,3%).<\/strong> Questa crescita si spiega notando la contrazione delle locazioni di posti letti, stanze e appartamenti in affitto di pi\u00f9 breve durata: quelle dalla durata di 30 giorni sono calate del 20%, e quelle da 2 a 6 mesi addirittura del 40%. Di contro, i contratti tra 1 e 2 anni sono quasi triplicati.<\/p>\r\n\r\n\r\n\r\n<h2 class=\"wp-block-heading\">Crolla la domanda di stranieri<\/h2>\r\n\r\n\r\n\r\n<p>Zappyrent, che offre stanze e appartamenti per periodi compresi tra 1 e 24 mesi digitalizzandone il processo di scelta e gestione, segnala inoltre un drastico cambiamento tra la domanda di italiani e quella di cittadini stranieri rispetto al passato. <strong>La richiesta di stanze, posti letto e appartamenti da parte di stranieri \u00e8 calata del 21%: <\/strong>in rapporto a quelle provenienti da cittadini italiani, in 12 mesi si \u00e8 passati dal 25% al 4% del totale.<\/p>\r\n\r\n\r\n\r\n<p>Infine, i prezzi. L\u2019aumento dell\u2019offerta ha determinato una lieve diminuzione dei prezzi anche per gli affitti a medio termine, pi\u00f9 drastica soprattutto per ci\u00f2 che concerne stanze e posti letto: mediamente, <strong>i canoni richiesti sono calati del 15%.<\/strong><\/p>\r\n\r\n\r\n\r\n<blockquote class=\"wp-block-quote is-layout-flow wp-block-quote-is-layout-flow\">\r\n<p><em>\u00abIn un anno contraddistinto dalla difficolt\u00e0 a compiere azioni assolutamente normali, come la scelta della casa in cui vivere, la tecnologia ha rappresentato una risorsa indispensabile \u2013 <\/em>dichiara <strong>Lino Leonardi, fondatore e CEO di Zappyrent<\/strong> \u2013 <em>e siamo davvero contenti di aver aiutato proprietari e inquilini ad affittare in sicurezza. Sul nostro portale il processo di esposizione, visita e selezione dell\u2019appartamento \u00e8 tutto online: gli inquilini possono visionare gli immobili presenti sulla piattaforma con tour virtuali 3D che consentono un\u2019immersione totale negli ambienti nella casa. Riducendo le visite in loco siamo stati in grado di esporre i nostri utenti a rischi pi\u00f9 bassi, senza contare che tutti i pagamenti sono gestiti dalla piattaforma, a tutto vantaggio della sicurezza.\u00bb<\/em><\/p>\r\n<\/blockquote>\r\n\r\n\r\n\r\n<p><a href=\"https:\/\/www.zappyrent.com\/\">Zappyrent<\/a> nasce a marzo 2018 su iniziativa dei gemelli Lino e Antonino Leonardi, classe 1993, con l\u2019obiettivo di rendere l\u2019affitto di un appartamento o una stanza un\u2019esperienza semplice ed economica, allo stesso tempo sicura per tutti i proprietari che vogliono mettere a reddito il proprio immobile. A fine 2019 l\u2019azienda ha chiuso un <strong>primo importante round di investimento da 2,5 milioni di euro<\/strong> e sta ora lavorando ad una ulteriore copertura del territorio.\u00a0<\/p>\r\n\r\n\r\n\r\n<p>Qui di seguito alcuni dati:<\/p>\r\n\r\n\r\n\r\n<div class=\"wp-block-columns is-layout-flex wp-container-core-columns-is-layout-1 wp-block-columns-is-layout-flex\">\r\n<div class=\"wp-block-column is-layout-flow wp-block-column-is-layout-flow\" style=\"flex-basis: 100%;\">\r\n<figure class=\"wp-block-table aligncenter\">\r\n<table>\r\n<tbody>\r\n<tr>\r\n<td class=\"has-text-align-left\" data-align=\"left\"><strong>Offerta di immobili in affitto a medio termine<\/strong><\/td>\r\n<td><strong>Variazione a\/a<\/strong><\/td>\r\n<\/tr>\r\n<tr>\r\n<td class=\"has-text-align-left\" data-align=\"left\">Italia\u00a0<\/td>\r\n<td>330%<\/td>\r\n<\/tr>\r\n<tr>\r\n<td class=\"has-text-align-left\" data-align=\"left\">Milano<\/td>\r\n<td>290%<\/td>\r\n<\/tr>\r\n<tr>\r\n<td class=\"has-text-align-left\" data-align=\"left\">Roma<\/td>\r\n<td>360%<\/td>\r\n<\/tr>\r\n<tr>\r\n<td class=\"has-text-align-left\" data-align=\"left\">Bologna<\/td>\r\n<td>420%<\/td>\r\n<\/tr>\r\n<tr>\r\n<td class=\"has-text-align-left\" data-align=\"left\">Firenze<\/td>\r\n<td>145%<\/td>\r\n<\/tr>\r\n<tr>\r\n<td class=\"has-text-align-left\" data-align=\"left\">Catania<\/td>\r\n<td>153%<\/td>\r\n<\/tr>\r\n<\/tbody>\r\n<\/table>\r\n<figcaption><strong>Fonte: Osservatorio Zappyrent sugli affitti a medio termine<\/strong><\/figcaption>\r\n<\/figure>\r\n\r\n\r\n\r\n<figure class=\"wp-block-table aligncenter\">\r\n<table>\r\n<tbody>\r\n<tr>\r\n<td><strong>Rapporto nazionalit\u00e0 inquilini<\/strong><\/td>\r\n<td><strong>dic-19<\/strong><\/td>\r\n<td><strong>dic-20<\/strong><\/td>\r\n<\/tr>\r\n<tr>\r\n<td>stranieri<\/td>\r\n<td>25%<\/td>\r\n<td>4%<\/td>\r\n<\/tr>\r\n<tr>\r\n<td>italiani<\/td>\r\n<td>75%<\/td>\r\n<td>96%<\/td>\r\n<\/tr>\r\n<\/tbody>\r\n<\/table>\r\n<figcaption>Fonte: <strong>Osservatorio Zappyrent sugli affitti a medio termine<\/strong><\/figcaption>\r\n<\/figure>\r\n<\/div>\r\n<\/div>\r\n\r\n\r\n\r\n<figure class=\"wp-block-table aligncenter\">\r\n<table>\r\n<tbody>\r\n<tr>\r\n<td><strong>Durata media del contratto di affitto a medio termine<\/strong><\/td>\r\n<td><strong>Variazione 2020 vs 2019<\/strong><\/td>\r\n<\/tr>\r\n<tr>\r\n<td>1 mese<\/td>\r\n<td>-20%<\/td>\r\n<\/tr>\r\n<tr>\r\n<td>2-6 mesi<\/td>\r\n<td>-40%<\/td>\r\n<\/tr>\r\n<tr>\r\n<td>7-12 mesi<\/td>\r\n<td>44%<\/td>\r\n<\/tr>\r\n<tr>\r\n<td>12+ mesi<\/td>\r\n<td>243%<\/td>\r\n<\/tr>\r\n<\/tbody>\r\n<\/table>\r\n<figcaption><strong>Fonte: Osservatorio Zappyrent sugli affitti a medio termine<\/strong><\/figcaption>\r\n<\/figure>\r\n\r\n\r\n\r\n<p>Per contattare l&#8217;ufficio stampa Zappyrent: <a href=\"mailto:press@zappyrent.com\" target=\"_blank\" rel=\"noreferrer noopener\">press@zappyrent.com<\/a><\/p>\r\n","protected":false},"excerpt":{"rendered":"<p>La pandemia ha ridefinito, tra le altre cose, anche il complesso mondo della locazione: crollati<\/p>\n","protected":false},"author":2,"featured_media":388,"comment_status":"closed","ping_status":"open","sticky":false,"template":"","format":"standard","meta":{"_yoast_wpseo_focuskw":"","_yoast_wpseo_title":"","_yoast_wpseo_metadesc":"","_mo_disable_npp":"","_uag_custom_page_level_css":"","_lmt_disableupdate":"no","_lmt_disable":"no","_mbp_gutenberg_autopost":false,"footnotes":""},"categories":[11],"tags":[],"class_list":["post-348","post","type-post","status-publish","format-standard","has-post-thumbnail","hentry","category-press"],"yoast_head":"<!-- This site is optimized with the Yoast SEO plugin v23.4 - https:\/\/yoast.com\/wordpress\/plugins\/seo\/ -->\n<title>L\u2019anno della pandemia trasforma l\u2019affitto a medio termine: +330% l\u2019offerta<\/title>\n<meta name=\"robots\" content=\"index, follow, max-snippet:-1, max-image-preview:large, max-video-preview:-1\" \/>\n<link rel=\"canonical\" href=\"https:\/\/www.zappyrent.com\/it\/press\/lanno-della-pandemia-trasforma-laffitto-a-medio-termine-330-lofferta\/\" \/>\n<meta property=\"og:locale\" content=\"it_IT\" \/>\n<meta property=\"og:type\" content=\"article\" \/>\n<meta property=\"og:title\" content=\"L\u2019anno della pandemia trasforma l\u2019affitto a medio termine: +330% l\u2019offerta\" \/>\n<meta property=\"og:description\" content=\"La pandemia ha ridefinito, tra le altre cose, anche il complesso mondo della locazione: crollati\" \/>\n<meta property=\"og:url\" content=\"https:\/\/www.zappyrent.com\/it\/press\/lanno-della-pandemia-trasforma-laffitto-a-medio-termine-330-lofferta\/\" \/>\n<meta property=\"article:publisher\" content=\"https:\/\/www.facebook.com\/Zappyrent\/\" \/>\n<meta property=\"article:author\" content=\"admin\" \/>\n<meta property=\"article:published_time\" content=\"2021-01-07T07:49:00+00:00\" \/>\n<meta property=\"article:modified_time\" content=\"2024-05-21T18:02:23+00:00\" \/>\n<meta property=\"og:image\" content=\"https:\/\/www.zappyrent.com\/wp\/app\/uploads\/2021\/01\/key-2323278_1920.jpg\" \/>\n\t<meta property=\"og:image:width\" content=\"1920\" \/>\n\t<meta property=\"og:image:height\" content=\"1280\" \/>\n\t<meta property=\"og:image:type\" content=\"image\/jpeg\" \/>\n<meta name=\"author\" content=\"Vittoria Giannuzzi\" \/>\n<meta name=\"twitter:card\" content=\"summary_large_image\" \/>\n<meta name=\"twitter:label1\" content=\"Written by\" \/>\n\t<meta name=\"twitter:data1\" content=\"Vittoria Giannuzzi\" \/>\n\t<meta name=\"twitter:label2\" content=\"Est. reading time\" \/>\n\t<meta name=\"twitter:data2\" content=\"3 minuti\" \/>\n<script type=\"application\/ld+json\" class=\"yoast-schema-graph\">{\"@context\":\"https:\/\/schema.org\",\"@graph\":[{\"@type\":\"Article\",\"@id\":\"https:\/\/www.zappyrent.com\/it\/press\/lanno-della-pandemia-trasforma-laffitto-a-medio-termine-330-lofferta\/#article\",\"isPartOf\":{\"@id\":\"https:\/\/www.zappyrent.com\/it\/press\/lanno-della-pandemia-trasforma-laffitto-a-medio-termine-330-lofferta\/\"},\"author\":{\"name\":\"Vittoria Giannuzzi\",\"@id\":\"https:\/\/www.zappyrent.com\/it\/#\/schema\/person\/4c1ea223fd7dd8c17b1945aef676e5e3\"},\"headline\":\"L\u2019anno della pandemia trasforma l\u2019affitto a medio termine: +330% l\u2019offerta\",\"datePublished\":\"2021-01-07T07:49:00+00:00\",\"dateModified\":\"2024-05-21T18:02:23+00:00\",\"mainEntityOfPage\":{\"@id\":\"https:\/\/www.zappyrent.com\/it\/press\/lanno-della-pandemia-trasforma-laffitto-a-medio-termine-330-lofferta\/\"},\"wordCount\":640,\"publisher\":{\"@id\":\"https:\/\/www.zappyrent.com\/it\/#organization\"},\"image\":{\"@id\":\"https:\/\/www.zappyrent.com\/it\/press\/lanno-della-pandemia-trasforma-laffitto-a-medio-termine-330-lofferta\/#primaryimage\"},\"thumbnailUrl\":\"https:\/\/www.zappyrent.com\/wp\/app\/uploads\/2021\/01\/key-2323278_1920.jpg\",\"articleSection\":[\"Press\"],\"inLanguage\":\"it-IT\"},{\"@type\":\"WebPage\",\"@id\":\"https:\/\/www.zappyrent.com\/it\/press\/lanno-della-pandemia-trasforma-laffitto-a-medio-termine-330-lofferta\/\",\"url\":\"https:\/\/www.zappyrent.com\/it\/press\/lanno-della-pandemia-trasforma-laffitto-a-medio-termine-330-lofferta\/\",\"name\":\"L\u2019anno della pandemia trasforma l\u2019affitto a medio termine: +330% l\u2019offerta\",\"isPartOf\":{\"@id\":\"https:\/\/www.zappyrent.com\/it\/#website\"},\"primaryImageOfPage\":{\"@id\":\"https:\/\/www.zappyrent.com\/it\/press\/lanno-della-pandemia-trasforma-laffitto-a-medio-termine-330-lofferta\/#primaryimage\"},\"image\":{\"@id\":\"https:\/\/www.zappyrent.com\/it\/press\/lanno-della-pandemia-trasforma-laffitto-a-medio-termine-330-lofferta\/#primaryimage\"},\"thumbnailUrl\":\"https:\/\/www.zappyrent.com\/wp\/app\/uploads\/2021\/01\/key-2323278_1920.jpg\",\"datePublished\":\"2021-01-07T07:49:00+00:00\",\"dateModified\":\"2024-05-21T18:02:23+00:00\",\"breadcrumb\":{\"@id\":\"https:\/\/www.zappyrent.com\/it\/press\/lanno-della-pandemia-trasforma-laffitto-a-medio-termine-330-lofferta\/#breadcrumb\"},\"inLanguage\":\"it-IT\",\"potentialAction\":[{\"@type\":\"ReadAction\",\"target\":[\"https:\/\/www.zappyrent.com\/it\/press\/lanno-della-pandemia-trasforma-laffitto-a-medio-termine-330-lofferta\/\"]}]},{\"@type\":\"ImageObject\",\"inLanguage\":\"it-IT\",\"@id\":\"https:\/\/www.zappyrent.com\/it\/press\/lanno-della-pandemia-trasforma-laffitto-a-medio-termine-330-lofferta\/#primaryimage\",\"url\":\"https:\/\/www.zappyrent.com\/wp\/app\/uploads\/2021\/01\/key-2323278_1920.jpg\",\"contentUrl\":\"https:\/\/www.zappyrent.com\/wp\/app\/uploads\/2021\/01\/key-2323278_1920.jpg\",\"width\":1920,\"height\":1280,\"caption\":\"affitto a medio termine\"},{\"@type\":\"BreadcrumbList\",\"@id\":\"https:\/\/www.zappyrent.com\/it\/press\/lanno-della-pandemia-trasforma-laffitto-a-medio-termine-330-lofferta\/#breadcrumb\",\"itemListElement\":[{\"@type\":\"ListItem\",\"position\":1,\"name\":\"Home\",\"item\":\"https:\/\/www.zappyrent.com\/it\/\"},{\"@type\":\"ListItem\",\"position\":2,\"name\":\"L\u2019anno della pandemia trasforma l\u2019affitto a medio termine: +330% l\u2019offerta\"}]},{\"@type\":\"WebSite\",\"@id\":\"https:\/\/www.zappyrent.com\/it\/#website\",\"url\":\"https:\/\/www.zappyrent.com\/it\/\",\"name\":\"https:\/\/www.zappyrent.com\/it\/blog\/\",\"description\":\"\",\"publisher\":{\"@id\":\"https:\/\/www.zappyrent.com\/it\/#organization\"},\"potentialAction\":[{\"@type\":\"SearchAction\",\"target\":{\"@type\":\"EntryPoint\",\"urlTemplate\":\"https:\/\/www.zappyrent.com\/it\/?s={search_term_string}\"},\"query-input\":{\"@type\":\"PropertyValueSpecification\",\"valueRequired\":true,\"valueName\":\"search_term_string\"}}],\"inLanguage\":\"it-IT\"},{\"@type\":\"Organization\",\"@id\":\"https:\/\/www.zappyrent.com\/it\/#organization\",\"name\":\"Zappyrent\",\"url\":\"https:\/\/www.zappyrent.com\/it\/\",\"logo\":{\"@type\":\"ImageObject\",\"inLanguage\":\"it-IT\",\"@id\":\"https:\/\/www.zappyrent.com\/it\/#\/schema\/logo\/image\/\",\"url\":\"https:\/\/www.zappyrent.com\/wp\/app\/uploads\/2024\/05\/cropped-ZAPPYRENT-IL-BLOG-1.png\",\"contentUrl\":\"https:\/\/www.zappyrent.com\/wp\/app\/uploads\/2024\/05\/cropped-ZAPPYRENT-IL-BLOG-1.png\",\"width\":2808,\"height\":1022,\"caption\":\"Zappyrent\"},\"image\":{\"@id\":\"https:\/\/www.zappyrent.com\/it\/#\/schema\/logo\/image\/\"},\"sameAs\":[\"https:\/\/www.facebook.com\/Zappyrent\/\",\"https:\/\/www.instagram.com\/zappyrent\/\"]},{\"@type\":\"Person\",\"@id\":\"https:\/\/www.zappyrent.com\/it\/#\/schema\/person\/4c1ea223fd7dd8c17b1945aef676e5e3\",\"name\":\"Vittoria Giannuzzi\",\"image\":{\"@type\":\"ImageObject\",\"inLanguage\":\"it-IT\",\"@id\":\"https:\/\/www.zappyrent.com\/it\/#\/schema\/person\/image\/\",\"url\":\"https:\/\/secure.gravatar.com\/avatar\/b1fe2f987599345fdebfe63ffbd41957?s=96&d=mm&r=g\",\"contentUrl\":\"https:\/\/secure.gravatar.com\/avatar\/b1fe2f987599345fdebfe63ffbd41957?s=96&d=mm&r=g\",\"caption\":\"Vittoria Giannuzzi\"},\"sameAs\":[\"admin\"],\"url\":\"https:\/\/www.zappyrent.com\/it\/author\/vittoria-giannuzzi\/\"}]}<\/script>\n<!-- \/ Yoast SEO plugin. -->","yoast_head_json":{"title":"L\u2019anno della pandemia trasforma l\u2019affitto a medio termine: +330% l\u2019offerta","robots":{"index":"index","follow":"follow","max-snippet":"max-snippet:-1","max-image-preview":"max-image-preview:large","max-video-preview":"max-video-preview:-1"},"canonical":"https:\/\/www.zappyrent.com\/it\/press\/lanno-della-pandemia-trasforma-laffitto-a-medio-termine-330-lofferta\/","og_locale":"it_IT","og_type":"article","og_title":"L\u2019anno della pandemia trasforma l\u2019affitto a medio termine: +330% l\u2019offerta","og_description":"La pandemia ha ridefinito, tra le altre cose, anche il complesso mondo della locazione: crollati","og_url":"https:\/\/www.zappyrent.com\/it\/press\/lanno-della-pandemia-trasforma-laffitto-a-medio-termine-330-lofferta\/","article_publisher":"https:\/\/www.facebook.com\/Zappyrent\/","article_author":"admin","article_published_time":"2021-01-07T07:49:00+00:00","article_modified_time":"2024-05-21T18:02:23+00:00","og_image":[{"width":1920,"height":1280,"url":"https:\/\/www.zappyrent.com\/wp\/app\/uploads\/2021\/01\/key-2323278_1920.jpg","type":"image\/jpeg"}],"author":"Vittoria Giannuzzi","twitter_card":"summary_large_image","twitter_misc":{"Written by":"Vittoria Giannuzzi","Est. reading time":"3 minuti"},"schema":{"@context":"https:\/\/schema.org","@graph":[{"@type":"Article","@id":"https:\/\/www.zappyrent.com\/it\/press\/lanno-della-pandemia-trasforma-laffitto-a-medio-termine-330-lofferta\/#article","isPartOf":{"@id":"https:\/\/www.zappyrent.com\/it\/press\/lanno-della-pandemia-trasforma-laffitto-a-medio-termine-330-lofferta\/"},"author":{"name":"Vittoria Giannuzzi","@id":"https:\/\/www.zappyrent.com\/it\/#\/schema\/person\/4c1ea223fd7dd8c17b1945aef676e5e3"},"headline":"L\u2019anno della pandemia trasforma l\u2019affitto a medio termine: +330% l\u2019offerta","datePublished":"2021-01-07T07:49:00+00:00","dateModified":"2024-05-21T18:02:23+00:00","mainEntityOfPage":{"@id":"https:\/\/www.zappyrent.com\/it\/press\/lanno-della-pandemia-trasforma-laffitto-a-medio-termine-330-lofferta\/"},"wordCount":640,"publisher":{"@id":"https:\/\/www.zappyrent.com\/it\/#organization"},"image":{"@id":"https:\/\/www.zappyrent.com\/it\/press\/lanno-della-pandemia-trasforma-laffitto-a-medio-termine-330-lofferta\/#primaryimage"},"thumbnailUrl":"https:\/\/www.zappyrent.com\/wp\/app\/uploads\/2021\/01\/key-2323278_1920.jpg","articleSection":["Press"],"inLanguage":"it-IT"},{"@type":"WebPage","@id":"https:\/\/www.zappyrent.com\/it\/press\/lanno-della-pandemia-trasforma-laffitto-a-medio-termine-330-lofferta\/","url":"https:\/\/www.zappyrent.com\/it\/press\/lanno-della-pandemia-trasforma-laffitto-a-medio-termine-330-lofferta\/","name":"L\u2019anno della pandemia trasforma l\u2019affitto a medio termine: +330% l\u2019offerta","isPartOf":{"@id":"https:\/\/www.zappyrent.com\/it\/#website"},"primaryImageOfPage":{"@id":"https:\/\/www.zappyrent.com\/it\/press\/lanno-della-pandemia-trasforma-laffitto-a-medio-termine-330-lofferta\/#primaryimage"},"image":{"@id":"https:\/\/www.zappyrent.com\/it\/press\/lanno-della-pandemia-trasforma-laffitto-a-medio-termine-330-lofferta\/#primaryimage"},"thumbnailUrl":"https:\/\/www.zappyrent.com\/wp\/app\/uploads\/2021\/01\/key-2323278_1920.jpg","datePublished":"2021-01-07T07:49:00+00:00","dateModified":"2024-05-21T18:02:23+00:00","breadcrumb":{"@id":"https:\/\/www.zappyrent.com\/it\/press\/lanno-della-pandemia-trasforma-laffitto-a-medio-termine-330-lofferta\/#breadcrumb"},"inLanguage":"it-IT","potentialAction":[{"@type":"ReadAction","target":["https:\/\/www.zappyrent.com\/it\/press\/lanno-della-pandemia-trasforma-laffitto-a-medio-termine-330-lofferta\/"]}]},{"@type":"ImageObject","inLanguage":"it-IT","@id":"https:\/\/www.zappyrent.com\/it\/press\/lanno-della-pandemia-trasforma-laffitto-a-medio-termine-330-lofferta\/#primaryimage","url":"https:\/\/www.zappyrent.com\/wp\/app\/uploads\/2021\/01\/key-2323278_1920.jpg","contentUrl":"https:\/\/www.zappyrent.com\/wp\/app\/uploads\/2021\/01\/key-2323278_1920.jpg","width":1920,"height":1280,"caption":"affitto a medio termine"},{"@type":"BreadcrumbList","@id":"https:\/\/www.zappyrent.com\/it\/press\/lanno-della-pandemia-trasforma-laffitto-a-medio-termine-330-lofferta\/#breadcrumb","itemListElement":[{"@type":"ListItem","position":1,"name":"Home","item":"https:\/\/www.zappyrent.com\/it\/"},{"@type":"ListItem","position":2,"name":"L\u2019anno della pandemia trasforma l\u2019affitto a medio termine: +330% l\u2019offerta"}]},{"@type":"WebSite","@id":"https:\/\/www.zappyrent.com\/it\/#website","url":"https:\/\/www.zappyrent.com\/it\/","name":"https:\/\/www.zappyrent.com\/it\/blog\/","description":"","publisher":{"@id":"https:\/\/www.zappyrent.com\/it\/#organization"},"potentialAction":[{"@type":"SearchAction","target":{"@type":"EntryPoint","urlTemplate":"https:\/\/www.zappyrent.com\/it\/?s={search_term_string}"},"query-input":{"@type":"PropertyValueSpecification","valueRequired":true,"valueName":"search_term_string"}}],"inLanguage":"it-IT"},{"@type":"Organization","@id":"https:\/\/www.zappyrent.com\/it\/#organization","name":"Zappyrent","url":"https:\/\/www.zappyrent.com\/it\/","logo":{"@type":"ImageObject","inLanguage":"it-IT","@id":"https:\/\/www.zappyrent.com\/it\/#\/schema\/logo\/image\/","url":"https:\/\/www.zappyrent.com\/wp\/app\/uploads\/2024\/05\/cropped-ZAPPYRENT-IL-BLOG-1.png","contentUrl":"https:\/\/www.zappyrent.com\/wp\/app\/uploads\/2024\/05\/cropped-ZAPPYRENT-IL-BLOG-1.png","width":2808,"height":1022,"caption":"Zappyrent"},"image":{"@id":"https:\/\/www.zappyrent.com\/it\/#\/schema\/logo\/image\/"},"sameAs":["https:\/\/www.facebook.com\/Zappyrent\/","https:\/\/www.instagram.com\/zappyrent\/"]},{"@type":"Person","@id":"https:\/\/www.zappyrent.com\/it\/#\/schema\/person\/4c1ea223fd7dd8c17b1945aef676e5e3","name":"Vittoria Giannuzzi","image":{"@type":"ImageObject","inLanguage":"it-IT","@id":"https:\/\/www.zappyrent.com\/it\/#\/schema\/person\/image\/","url":"https:\/\/secure.gravatar.com\/avatar\/b1fe2f987599345fdebfe63ffbd41957?s=96&d=mm&r=g","contentUrl":"https:\/\/secure.gravatar.com\/avatar\/b1fe2f987599345fdebfe63ffbd41957?s=96&d=mm&r=g","caption":"Vittoria Giannuzzi"},"sameAs":["admin"],"url":"https:\/\/www.zappyrent.com\/it\/author\/vittoria-giannuzzi\/"}]}},"modified_by":"zappy","uagb_featured_image_src":{"full":["https:\/\/www.zappyrent.com\/wp\/app\/uploads\/2021\/01\/key-2323278_1920.jpg",1920,1280,false],"thumbnail":["https:\/\/www.zappyrent.com\/wp\/app\/uploads\/2021\/01\/key-2323278_1920-150x150.jpg",150,150,true],"medium":["https:\/\/www.zappyrent.com\/wp\/app\/uploads\/2021\/01\/key-2323278_1920-600x400.jpg",600,400,true],"medium_large":["https:\/\/www.zappyrent.com\/wp\/app\/uploads\/2021\/01\/key-2323278_1920-768x512.jpg",640,427,true],"large":["https:\/\/www.zappyrent.com\/wp\/app\/uploads\/2021\/01\/key-2323278_1920-1200x800.jpg",640,427,true],"1536x1536":["https:\/\/www.zappyrent.com\/wp\/app\/uploads\/2021\/01\/key-2323278_1920-1536x1024.jpg",1536,1024,true],"2048x2048":["https:\/\/www.zappyrent.com\/wp\/app\/uploads\/2021\/01\/key-2323278_1920.jpg",1920,1280,false],"pgmb-post-image":["https:\/\/www.zappyrent.com\/wp\/app\/uploads\/2021\/01\/key-2323278_1920.jpg",1200,800,false],"prefer-thumbnail-size":["https:\/\/www.zappyrent.com\/wp\/app\/uploads\/2021\/01\/key-2323278_1920-800x800.jpg",800,800,true],"prefer-related-size":["https:\/\/www.zappyrent.com\/wp\/app\/uploads\/2021\/01\/key-2323278_1920-600x400.jpg",600,400,true],"prefer-promo-post":["https:\/\/www.zappyrent.com\/wp\/app\/uploads\/2021\/01\/key-2323278_1920-800x500.jpg",800,500,true],"prefer-related-post-thumbnails":["https:\/\/www.zappyrent.com\/wp\/app\/uploads\/2021\/01\/key-2323278_1920-850x550.jpg",850,550,true],"mailpoet_newsletter_max":["https:\/\/www.zappyrent.com\/wp\/app\/uploads\/2021\/01\/key-2323278_1920.jpg",1320,880,false],"web-stories-poster-portrait":["https:\/\/www.zappyrent.com\/wp\/app\/uploads\/2021\/01\/key-2323278_1920.jpg",640,427,false],"web-stories-publisher-logo":["https:\/\/www.zappyrent.com\/wp\/app\/uploads\/2021\/01\/key-2323278_1920.jpg",96,64,false],"web-stories-thumbnail":["https:\/\/www.zappyrent.com\/wp\/app\/uploads\/2021\/01\/key-2323278_1920.jpg",150,100,false]},"uagb_author_info":{"display_name":"Vittoria Giannuzzi","author_link":"https:\/\/www.zappyrent.com\/it\/author\/vittoria-giannuzzi\/"},"uagb_comment_info":0,"uagb_excerpt":"La pandemia ha ridefinito, tra le altre cose, anche il complesso mondo della locazione: crollati","_links":{"self":[{"href":"https:\/\/www.zappyrent.com\/it\/wp-json\/wp\/v2\/posts\/348"}],"collection":[{"href":"https:\/\/www.zappyrent.com\/it\/wp-json\/wp\/v2\/posts"}],"about":[{"href":"https:\/\/www.zappyrent.com\/it\/wp-json\/wp\/v2\/types\/post"}],"author":[{"embeddable":true,"href":"https:\/\/www.zappyrent.com\/it\/wp-json\/wp\/v2\/users\/2"}],"replies":[{"embeddable":true,"href":"https:\/\/www.zappyrent.com\/it\/wp-json\/wp\/v2\/comments?post=348"}],"version-history":[{"count":8,"href":"https:\/\/www.zappyrent.com\/it\/wp-json\/wp\/v2\/posts\/348\/revisions"}],"predecessor-version":[{"id":4874,"href":"https:\/\/www.zappyrent.com\/it\/wp-json\/wp\/v2\/posts\/348\/revisions\/4874"}],"wp:featuredmedia":[{"embeddable":true,"href":"https:\/\/www.zappyrent.com\/it\/wp-json\/wp\/v2\/media\/388"}],"wp:attachment":[{"href":"https:\/\/www.zappyrent.com\/it\/wp-json\/wp\/v2\/media?parent=348"}],"wp:term":[{"taxonomy":"category","embeddable":true,"href":"https:\/\/www.zappyrent.com\/it\/wp-json\/wp\/v2\/categories?post=348"},{"taxonomy":"post_tag","embeddable":true,"href":"https:\/\/www.zappyrent.com\/it\/wp-json\/wp\/v2\/tags?post=348"}],"curies":[{"name":"wp","href":"https:\/\/api.w.org\/{rel}","templated":true}]}}