{"id":3128,"date":"2022-11-10T11:44:06","date_gmt":"2022-11-10T10:44:06","guid":{"rendered":"https:\/\/www.zappyrent.com\/?p=3128"},"modified":"2024-07-18T11:49:13","modified_gmt":"2024-07-18T09:49:13","slug":"come-stanno-cambiando-i-prezzi-a-milano","status":"publish","type":"post","link":"https:\/\/www.zappyrent.com\/it\/blog\/come-stanno-cambiando-i-prezzi-a-milano\/","title":{"rendered":"Affitti a Milano: come stanno cambiando i prezzi?"},"content":{"rendered":"\r\n<p>Archiviata l&#8217;emergenza Covid, che ha posto un forte freno all&#8217;interesse da parte degli acquirenti e dei locatari, tantissime persone hanno ripreso a scegliere il capoluogo lombardo come citt\u00e0 dove vivere e lavorare. In questi giorni, si parla tanto di <strong>affitti a Milano<\/strong> anche per via di novit\u00e0 importanti riguardanti i prezzi. In un periodo in cui il carovita sta pesando non poco sui bilanci familiari, \u00e8 stato lanciato un vero e proprio allarme per quel che concerne le quotazioni delle locazioni sotto la Madonnina.<\/p>\r\n\r\n\r\n\r\n<h2 class=\"wp-block-heading\">Affitto a Milano: di quanto \u00e8 aumentato?<\/h2>\r\n\r\n\r\n\r\n<p>Per capire meglio la <strong>situazione degli affitti a Milano<\/strong>, \u00e8 bene fare un esempio concreto. Immaginiamo il caso del locatario che ha stipulato, nel 2018, un contratto 4+4. In sede di primo rinnovo, potrebbe ritrovarsi davanti a una sorpresa poco gradevole. Secondo i pi\u00f9 recenti dati di mercato, si parla di aumenti fino al 17,4%. Prendendo come parametro un bilocale di 70 metri quadri, si pu\u00f2 arrivare, in alcuni casi, a canoni mensili pari a 1.300 euro.<\/p>\r\n\r\n\r\n\r\n<p>In confronto ad altre citt\u00e0 metropolitane del Paese &#8211; tra cui Roma &#8211; che mettono in primo piano un rincaro superiore al 25%, Milano non \u00e8 in prima posizione quando si parla di caroaffitti. Attenzione, per\u00f2: la situazione del capoluogo lombardo cambia molto a seconda della zona in cui ci si trova.<\/p>\r\n\r\n\r\n\r\n<p>L&#8217;<strong>aumento degli affitti a Milano<\/strong> \u00e8 particolarmente accentuato nel centro storico, dove si pu\u00f2 apprezzare un rincaro medio del 24%. I dati in questione sono frutto di un&#8217;analisi condotta dal centro studi di <a class=\"rank-math-link\" href=\"https:\/\/www.abitareco.it\/\">Abitare.Co<\/a> e non riguardano solo Milano. Complessivamente, infatti, sono state prese in considerazione otto citt\u00e0 italiane.<\/p>\r\n\r\n\r\n\r\n<p>Gli esperti di <em>real estate <\/em>hanno confrontato i prezzi delle locazioni liberi guardando alle quotazioni odierne e paragonandole a quelle del 2015, anno d&#8217;oro per l&#8217;immagine e l&#8217;economia di Milano per via di Expo.<\/p>\r\n\r\n\r\n\r\n<p><a href=\"https:\/\/get.zappyrent.com\/steps2_blog\/?utm_source=organic&amp;utm_medium=blog&amp;utm_campaign=locatore&amp;tr=lead_blog_protezione_locatore\"><img fetchpriority=\"high\" decoding=\"async\" class=\"alignnone wp-image-5013 size-full\" src=\"https:\/\/www.zappyrent.com\/wp\/app\/uploads\/2024\/05\/4-Banner-BLOG-piu-largo-1.jpg\" alt=\"decreto-salva-casa-s\u00ec-mini-abitazioni\" width=\"2000\" height=\"685\" srcset=\"https:\/\/www.zappyrent.com\/wp\/app\/uploads\/2024\/05\/4-Banner-BLOG-piu-largo-1.jpg 2000w, https:\/\/www.zappyrent.com\/wp\/app\/uploads\/2024\/05\/4-Banner-BLOG-piu-largo-1-600x206.jpg 600w, https:\/\/www.zappyrent.com\/wp\/app\/uploads\/2024\/05\/4-Banner-BLOG-piu-largo-1-1200x411.jpg 1200w, https:\/\/www.zappyrent.com\/wp\/app\/uploads\/2024\/05\/4-Banner-BLOG-piu-largo-1-768x263.jpg 768w, https:\/\/www.zappyrent.com\/wp\/app\/uploads\/2024\/05\/4-Banner-BLOG-piu-largo-1-1536x526.jpg 1536w, https:\/\/www.zappyrent.com\/wp\/app\/uploads\/2024\/05\/4-Banner-BLOG-piu-largo-1-150x51.jpg 150w\" sizes=\"(max-width: 2000px) 100vw, 2000px\" \/><\/a><\/p>\r\n<p>&nbsp;<\/p>\r\n\r\n\r\n\r\n<h2 class=\"wp-block-heading\">Appartamenti in affitto a Milano: i rincari peseranno sempre di pi\u00f9 sulle tasche delle famiglie<\/h2>\r\n\r\n\r\n\r\n<p>I <strong>rincari<\/strong> relativi agli <strong>affitti a Milano<\/strong>, pur essendo come gi\u00e0 accennato pi\u00f9 contenuti rispetto a quelli di altre grandi citt\u00e0, peseranno molto in termini assoluti sulle tasche delle famiglie. Da tenere presenti sono anche gli aumenti relativi alle spese condominiali, soprattutto nei contesti caratterizzati dalla presenza del riscaldamento centralizzato. In questi casi, si parla addirittura di un raddoppio delle spese a carico delle famiglie rispetto all&#8217;esercizio precedente.<\/p>\r\n\r\n\r\n\r\n\r\n\r\n<h2 class=\"wp-block-heading\">Sotto la Madonnina aumenta la morosit\u00e0 condominiale<\/h2>\r\n\r\n\r\n\r\n<p>L&#8217;<strong>aumento delle locazioni sotto la Madonnina<\/strong> si sta gi\u00e0 facendo sentire. Dati alla mano, in citt\u00e0 \u00e8 sempre pi\u00f9 diffuso il fenomeno della morosit\u00e0 condominiale. Gli operatori del mondo<em> real estate <\/em>sono concordi su un aspetto: questi aumenti avranno, a breve, un effetto concreto sul mercato immobiliare.<\/p>\r\n\r\n\r\n\r\n<p>A tal proposito, si parla di un numero sempre pi\u00f9 alto di famiglie che potrebbero scegliere di comprare o affittare casa fuori dai confini urbani del capoluogo lombardo.<\/p>\r\n\r\n\r\n\r\n<h2 class=\"wp-block-heading\">Il punto di vista dei proprietari<\/h2>\r\n\r\n\r\n\r\n<p>Quando si tocca l&#8217;argomento degli <strong>affitti a Milano,<\/strong> \u00e8 opportuno considerare anche il punto di vista dei <strong>proprietari<\/strong> che vogliono<strong> affittare la propria casa<\/strong>. A detta dei <em>player <\/em>del settore <em>real estate<\/em>, se l&#8217;inflazione dovesse continuare a viaggiare su aumenti a due cifre non risulterebbero pi\u00f9 convenienti come un tempo le <a class=\"rank-math-link\" href=\"https:\/\/www.zappyrent.com\/it\/blog\/tutto-quello-che-ce-da-sapere-sulla-cedolare-secca\">locazioni con la cedolare secca<\/a>.<\/p>\r\n\r\n\r\n\r\n<p>L&#8217;alternativa \u00e8 il ricorso al<strong> regime ordinario Irpef<\/strong>. Quando lo si chiama in causa, \u00e8 necessario ricordare che, lato proprietario, \u00e8 pi\u00f9 oneroso. Ha per\u00f2 un vantaggio indiscusso, ossia la possibilit\u00e0 di aumentare il canone sulla base dei cambiamenti del costo della vita rilevati dall&#8217;Istat.<\/p>\r\n\r\n\r\n\r\n<p>Per far fronte al problema della morosit\u00e0 esistono, per fortuna, diverse soluzioni a disposizione dei locatori. Nell&#8217;elenco \u00e8 possibile includere lo <a class=\"rank-math-link\" href=\"https:\/\/www.zappyrent.com\/it\/protezione-zappyrent\">strumento di credit screening di Zappyrent<\/a>, formulato proprio con lo scopo di fare un check del merito creditizio dei potenziali inquilini interessati ad affittare una determinata unit\u00e0 immobiliare.<\/p>\r\n\r\n\r\n\r\n<h2 class=\"wp-block-heading\"><b><a href=\"https:\/\/get.zappyrent.com\/steps2_blog\/?utm_source=organic&amp;utm_medium=blog&amp;utm_campaign=locatore&amp;tr=lead_blog_protezione_locatore\"><img decoding=\"async\" class=\"alignnone wp-image-5011 size-full\" src=\"https:\/\/www.zappyrent.com\/wp\/app\/uploads\/2024\/05\/2-Banner-BLOG-5.jpg\" alt=\"decreto-salva-casa-s\u00ec-mini-abitazioni\" width=\"2000\" height=\"625\" srcset=\"https:\/\/www.zappyrent.com\/wp\/app\/uploads\/2024\/05\/2-Banner-BLOG-5.jpg 2000w, https:\/\/www.zappyrent.com\/wp\/app\/uploads\/2024\/05\/2-Banner-BLOG-5-600x188.jpg 600w, https:\/\/www.zappyrent.com\/wp\/app\/uploads\/2024\/05\/2-Banner-BLOG-5-1200x375.jpg 1200w, https:\/\/www.zappyrent.com\/wp\/app\/uploads\/2024\/05\/2-Banner-BLOG-5-768x240.jpg 768w, https:\/\/www.zappyrent.com\/wp\/app\/uploads\/2024\/05\/2-Banner-BLOG-5-1536x480.jpg 1536w, https:\/\/www.zappyrent.com\/wp\/app\/uploads\/2024\/05\/2-Banner-BLOG-5-150x47.jpg 150w\" sizes=\"(max-width: 2000px) 100vw, 2000px\" \/><\/a><\/b><\/h2>\r\n<h2>Appartamenti in affitto a Milano: il caso dei neo locatari<\/h2>\r\n\r\n\r\n\r\n<p>Un altro caso che merita approfondimento quando si discute di<strong> affitti a Milano <\/strong>riguarda la situazione di chi si trova, partendo da zero, a cercare un immobile dove vivere. Le persone che si trovano in questa condizione rischiano, nella maggior parte dei casi, di pagare di pi\u00f9. Per quale motivo? Perch\u00e9, nelle situazioni in cui ha a che fare con un contratto di locazione da rinnovare, il proprietario pu\u00f2 essere disposto, di fronte a un inquilino che nel corso degli anni si \u00e8 sempre dimostrato puntuale nei pagamenti, a sacrificare parte delle entrate con lo scopo di avere la certezza dell&#8217;introito proveniente dal canone di affitto.<\/p>\r\n\r\n\r\n\r\n<p>L&#8217;allarme degli <strong>operatori del settore immobiliare<\/strong> riguarda anche le difficolt\u00e0 nel trovare concretamente casa per chi \u00e8 al primo affitto; non bisogna infatti dimenticare che, sotto la Madonnina, ci sono zone caratterizzate da una forte penuria di immobili liberi per via del notevole interesse sia da parte dei turisti alla ricerca di affitti brevi, sia da parte degli studenti fuori sede.<\/p>\r\n\r\n\r\n\r\n<p>Tra le zone in questione \u00e8 possibile citare il <strong>centro storico<\/strong>, dove il fattore che influisce maggiormente \u00e8 il prezzo, che pu\u00f2 sfiorare i 2.000 euro al mese, ma anche Bicocca, Citt\u00e0 Studi, Bovisa. Trovare immobili in affitto per locazioni di lunga durata pu\u00f2 rivelarsi impresa difficile anche quando si parla della zona che va da Via Ripamonti a Piazza Napoli.<\/p>\r\n\r\n\r\n\r\n<p>Parliamo infatti di un&#8217;area della citt\u00e0 particolarmente richiesta dagli studenti che frequentano lo Iulm e la Bocconi. Degna di nota \u00e8 altres\u00ec la difficolt\u00e0 nel trovare locazioni a lungo termine all&#8217;Isola o in zona Tortona. In questo caso, a influire sono gli importanti incassi &#8211; spesso pari a due mesi di locazione normale in una sola settimana &#8211; derivanti da eventi come la Design Week.<\/p>\r\n","protected":false},"excerpt":{"rendered":"<p>Archiviata l&#8217;emergenza Covid, che ha posto un forte freno all&#8217;interesse da parte degli acquirenti e<\/p>\n","protected":false},"author":4,"featured_media":3139,"comment_status":"closed","ping_status":"closed","sticky":false,"template":"","format":"standard","meta":{"_yoast_wpseo_focuskw":"affitti a Milano","_yoast_wpseo_title":"","_yoast_wpseo_metadesc":"si parla tanto di affitti a Milano anche per via di novit\u00e0 importanti riguardanti i prezzi. In un periodo in cui il carovita sta pesando non poco sui bilanci familiari, \u00e8 stato lanciat","_mo_disable_npp":"","_uag_custom_page_level_css":"","_lmt_disableupdate":"no","_lmt_disable":"no","_mbp_gutenberg_autopost":false,"footnotes":""},"categories":[9],"tags":[],"class_list":["post-3128","post","type-post","status-publish","format-standard","has-post-thumbnail","hentry","category-blog"],"yoast_head":"<!-- This site is optimized with the Yoast SEO plugin v23.4 - https:\/\/yoast.com\/wordpress\/plugins\/seo\/ -->\n<title>Affitti a Milano: come stanno cambiando i prezzi?<\/title>\n<meta name=\"description\" content=\"si parla tanto di affitti a Milano anche per via di novit\u00e0 importanti riguardanti i prezzi. In un periodo in cui il carovita sta pesando non poco sui bilanci familiari, \u00e8 stato lanciat\" \/>\n<meta name=\"robots\" content=\"index, follow, max-snippet:-1, max-image-preview:large, max-video-preview:-1\" \/>\n<link rel=\"canonical\" href=\"https:\/\/www.zappyrent.com\/it\/blog\/come-stanno-cambiando-i-prezzi-a-milano\/\" \/>\n<meta property=\"og:locale\" content=\"it_IT\" \/>\n<meta property=\"og:type\" content=\"article\" \/>\n<meta property=\"og:title\" content=\"Affitti a Milano: come stanno cambiando i prezzi?\" \/>\n<meta property=\"og:description\" content=\"si parla tanto di affitti a Milano anche per via di novit\u00e0 importanti riguardanti i prezzi. In un periodo in cui il carovita sta pesando non poco sui bilanci familiari, \u00e8 stato lanciat\" \/>\n<meta property=\"og:url\" content=\"https:\/\/www.zappyrent.com\/it\/blog\/come-stanno-cambiando-i-prezzi-a-milano\/\" \/>\n<meta property=\"article:publisher\" content=\"https:\/\/www.facebook.com\/Zappyrent\/\" \/>\n<meta property=\"article:published_time\" content=\"2022-11-10T10:44:06+00:00\" \/>\n<meta property=\"article:modified_time\" content=\"2024-07-18T09:49:13+00:00\" \/>\n<meta property=\"og:image\" content=\"https:\/\/www.zappyrent.com\/wp\/app\/uploads\/2022\/11\/milano.jpg\" \/>\n\t<meta property=\"og:image:width\" content=\"1217\" \/>\n\t<meta property=\"og:image:height\" content=\"694\" \/>\n\t<meta property=\"og:image:type\" content=\"image\/jpeg\" \/>\n<meta name=\"author\" content=\"Zappyrent\" \/>\n<meta name=\"twitter:card\" content=\"summary_large_image\" \/>\n<meta name=\"twitter:label1\" content=\"Written by\" \/>\n\t<meta name=\"twitter:data1\" content=\"Zappyrent\" \/>\n\t<meta name=\"twitter:label2\" content=\"Est. reading time\" \/>\n\t<meta name=\"twitter:data2\" content=\"5 minuti\" \/>\n<script type=\"application\/ld+json\" class=\"yoast-schema-graph\">{\"@context\":\"https:\/\/schema.org\",\"@graph\":[{\"@type\":\"Article\",\"@id\":\"https:\/\/www.zappyrent.com\/it\/blog\/come-stanno-cambiando-i-prezzi-a-milano\/#article\",\"isPartOf\":{\"@id\":\"https:\/\/www.zappyrent.com\/it\/blog\/come-stanno-cambiando-i-prezzi-a-milano\/\"},\"author\":{\"name\":\"Zappyrent\",\"@id\":\"https:\/\/www.zappyrent.com\/it\/#\/schema\/person\/525ab92f63452450dde3867c7d059f26\"},\"headline\":\"Affitti a Milano: come stanno cambiando i prezzi?\",\"datePublished\":\"2022-11-10T10:44:06+00:00\",\"dateModified\":\"2024-07-18T09:49:13+00:00\",\"mainEntityOfPage\":{\"@id\":\"https:\/\/www.zappyrent.com\/it\/blog\/come-stanno-cambiando-i-prezzi-a-milano\/\"},\"wordCount\":912,\"publisher\":{\"@id\":\"https:\/\/www.zappyrent.com\/it\/#organization\"},\"image\":{\"@id\":\"https:\/\/www.zappyrent.com\/it\/blog\/come-stanno-cambiando-i-prezzi-a-milano\/#primaryimage\"},\"thumbnailUrl\":\"https:\/\/www.zappyrent.com\/wp\/app\/uploads\/2022\/11\/milano.jpg\",\"articleSection\":[\"Blog\"],\"inLanguage\":\"it-IT\"},{\"@type\":\"WebPage\",\"@id\":\"https:\/\/www.zappyrent.com\/it\/blog\/come-stanno-cambiando-i-prezzi-a-milano\/\",\"url\":\"https:\/\/www.zappyrent.com\/it\/blog\/come-stanno-cambiando-i-prezzi-a-milano\/\",\"name\":\"Affitti a Milano: come stanno cambiando i prezzi?\",\"isPartOf\":{\"@id\":\"https:\/\/www.zappyrent.com\/it\/#website\"},\"primaryImageOfPage\":{\"@id\":\"https:\/\/www.zappyrent.com\/it\/blog\/come-stanno-cambiando-i-prezzi-a-milano\/#primaryimage\"},\"image\":{\"@id\":\"https:\/\/www.zappyrent.com\/it\/blog\/come-stanno-cambiando-i-prezzi-a-milano\/#primaryimage\"},\"thumbnailUrl\":\"https:\/\/www.zappyrent.com\/wp\/app\/uploads\/2022\/11\/milano.jpg\",\"datePublished\":\"2022-11-10T10:44:06+00:00\",\"dateModified\":\"2024-07-18T09:49:13+00:00\",\"description\":\"si parla tanto di affitti a Milano anche per via di novit\u00e0 importanti riguardanti i prezzi. In un periodo in cui il carovita sta pesando non poco sui bilanci familiari, \u00e8 stato lanciat\",\"breadcrumb\":{\"@id\":\"https:\/\/www.zappyrent.com\/it\/blog\/come-stanno-cambiando-i-prezzi-a-milano\/#breadcrumb\"},\"inLanguage\":\"it-IT\",\"potentialAction\":[{\"@type\":\"ReadAction\",\"target\":[\"https:\/\/www.zappyrent.com\/it\/blog\/come-stanno-cambiando-i-prezzi-a-milano\/\"]}]},{\"@type\":\"ImageObject\",\"inLanguage\":\"it-IT\",\"@id\":\"https:\/\/www.zappyrent.com\/it\/blog\/come-stanno-cambiando-i-prezzi-a-milano\/#primaryimage\",\"url\":\"https:\/\/www.zappyrent.com\/wp\/app\/uploads\/2022\/11\/milano.jpg\",\"contentUrl\":\"https:\/\/www.zappyrent.com\/wp\/app\/uploads\/2022\/11\/milano.jpg\",\"width\":1217,\"height\":694,\"caption\":\"milano\"},{\"@type\":\"BreadcrumbList\",\"@id\":\"https:\/\/www.zappyrent.com\/it\/blog\/come-stanno-cambiando-i-prezzi-a-milano\/#breadcrumb\",\"itemListElement\":[{\"@type\":\"ListItem\",\"position\":1,\"name\":\"Home\",\"item\":\"https:\/\/www.zappyrent.com\/it\/\"},{\"@type\":\"ListItem\",\"position\":2,\"name\":\"Affitti a Milano: come stanno cambiando i prezzi?\"}]},{\"@type\":\"WebSite\",\"@id\":\"https:\/\/www.zappyrent.com\/it\/#website\",\"url\":\"https:\/\/www.zappyrent.com\/it\/\",\"name\":\"https:\/\/www.zappyrent.com\/it\/blog\/\",\"description\":\"\",\"publisher\":{\"@id\":\"https:\/\/www.zappyrent.com\/it\/#organization\"},\"potentialAction\":[{\"@type\":\"SearchAction\",\"target\":{\"@type\":\"EntryPoint\",\"urlTemplate\":\"https:\/\/www.zappyrent.com\/it\/?s={search_term_string}\"},\"query-input\":{\"@type\":\"PropertyValueSpecification\",\"valueRequired\":true,\"valueName\":\"search_term_string\"}}],\"inLanguage\":\"it-IT\"},{\"@type\":\"Organization\",\"@id\":\"https:\/\/www.zappyrent.com\/it\/#organization\",\"name\":\"Zappyrent\",\"url\":\"https:\/\/www.zappyrent.com\/it\/\",\"logo\":{\"@type\":\"ImageObject\",\"inLanguage\":\"it-IT\",\"@id\":\"https:\/\/www.zappyrent.com\/it\/#\/schema\/logo\/image\/\",\"url\":\"https:\/\/www.zappyrent.com\/wp\/app\/uploads\/2024\/05\/cropped-ZAPPYRENT-IL-BLOG-1.png\",\"contentUrl\":\"https:\/\/www.zappyrent.com\/wp\/app\/uploads\/2024\/05\/cropped-ZAPPYRENT-IL-BLOG-1.png\",\"width\":2808,\"height\":1022,\"caption\":\"Zappyrent\"},\"image\":{\"@id\":\"https:\/\/www.zappyrent.com\/it\/#\/schema\/logo\/image\/\"},\"sameAs\":[\"https:\/\/www.facebook.com\/Zappyrent\/\",\"https:\/\/www.instagram.com\/zappyrent\/\"]},{\"@type\":\"Person\",\"@id\":\"https:\/\/www.zappyrent.com\/it\/#\/schema\/person\/525ab92f63452450dde3867c7d059f26\",\"name\":\"Zappyrent\",\"image\":{\"@type\":\"ImageObject\",\"inLanguage\":\"it-IT\",\"@id\":\"https:\/\/www.zappyrent.com\/it\/#\/schema\/person\/image\/\",\"url\":\"https:\/\/secure.gravatar.com\/avatar\/7648dbed32cdf99b82d07cb0b8ce9fe7?s=96&d=mm&r=g\",\"contentUrl\":\"https:\/\/secure.gravatar.com\/avatar\/7648dbed32cdf99b82d07cb0b8ce9fe7?s=96&d=mm&r=g\",\"caption\":\"Zappyrent\"},\"url\":\"https:\/\/www.zappyrent.com\/it\/author\/sebastiano\/\"}]}<\/script>\n<!-- \/ Yoast SEO plugin. -->","yoast_head_json":{"title":"Affitti a Milano: come stanno cambiando i prezzi?","description":"si parla tanto di affitti a Milano anche per via di novit\u00e0 importanti riguardanti i prezzi. In un periodo in cui il carovita sta pesando non poco sui bilanci familiari, \u00e8 stato lanciat","robots":{"index":"index","follow":"follow","max-snippet":"max-snippet:-1","max-image-preview":"max-image-preview:large","max-video-preview":"max-video-preview:-1"},"canonical":"https:\/\/www.zappyrent.com\/it\/blog\/come-stanno-cambiando-i-prezzi-a-milano\/","og_locale":"it_IT","og_type":"article","og_title":"Affitti a Milano: come stanno cambiando i prezzi?","og_description":"si parla tanto di affitti a Milano anche per via di novit\u00e0 importanti riguardanti i prezzi. In un periodo in cui il carovita sta pesando non poco sui bilanci familiari, \u00e8 stato lanciat","og_url":"https:\/\/www.zappyrent.com\/it\/blog\/come-stanno-cambiando-i-prezzi-a-milano\/","article_publisher":"https:\/\/www.facebook.com\/Zappyrent\/","article_published_time":"2022-11-10T10:44:06+00:00","article_modified_time":"2024-07-18T09:49:13+00:00","og_image":[{"width":1217,"height":694,"url":"https:\/\/www.zappyrent.com\/wp\/app\/uploads\/2022\/11\/milano.jpg","type":"image\/jpeg"}],"author":"Zappyrent","twitter_card":"summary_large_image","twitter_misc":{"Written by":"Zappyrent","Est. reading time":"5 minuti"},"schema":{"@context":"https:\/\/schema.org","@graph":[{"@type":"Article","@id":"https:\/\/www.zappyrent.com\/it\/blog\/come-stanno-cambiando-i-prezzi-a-milano\/#article","isPartOf":{"@id":"https:\/\/www.zappyrent.com\/it\/blog\/come-stanno-cambiando-i-prezzi-a-milano\/"},"author":{"name":"Zappyrent","@id":"https:\/\/www.zappyrent.com\/it\/#\/schema\/person\/525ab92f63452450dde3867c7d059f26"},"headline":"Affitti a Milano: come stanno cambiando i prezzi?","datePublished":"2022-11-10T10:44:06+00:00","dateModified":"2024-07-18T09:49:13+00:00","mainEntityOfPage":{"@id":"https:\/\/www.zappyrent.com\/it\/blog\/come-stanno-cambiando-i-prezzi-a-milano\/"},"wordCount":912,"publisher":{"@id":"https:\/\/www.zappyrent.com\/it\/#organization"},"image":{"@id":"https:\/\/www.zappyrent.com\/it\/blog\/come-stanno-cambiando-i-prezzi-a-milano\/#primaryimage"},"thumbnailUrl":"https:\/\/www.zappyrent.com\/wp\/app\/uploads\/2022\/11\/milano.jpg","articleSection":["Blog"],"inLanguage":"it-IT"},{"@type":"WebPage","@id":"https:\/\/www.zappyrent.com\/it\/blog\/come-stanno-cambiando-i-prezzi-a-milano\/","url":"https:\/\/www.zappyrent.com\/it\/blog\/come-stanno-cambiando-i-prezzi-a-milano\/","name":"Affitti a Milano: come stanno cambiando i prezzi?","isPartOf":{"@id":"https:\/\/www.zappyrent.com\/it\/#website"},"primaryImageOfPage":{"@id":"https:\/\/www.zappyrent.com\/it\/blog\/come-stanno-cambiando-i-prezzi-a-milano\/#primaryimage"},"image":{"@id":"https:\/\/www.zappyrent.com\/it\/blog\/come-stanno-cambiando-i-prezzi-a-milano\/#primaryimage"},"thumbnailUrl":"https:\/\/www.zappyrent.com\/wp\/app\/uploads\/2022\/11\/milano.jpg","datePublished":"2022-11-10T10:44:06+00:00","dateModified":"2024-07-18T09:49:13+00:00","description":"si parla tanto di affitti a Milano anche per via di novit\u00e0 importanti riguardanti i prezzi. In un periodo in cui il carovita sta pesando non poco sui bilanci familiari, \u00e8 stato lanciat","breadcrumb":{"@id":"https:\/\/www.zappyrent.com\/it\/blog\/come-stanno-cambiando-i-prezzi-a-milano\/#breadcrumb"},"inLanguage":"it-IT","potentialAction":[{"@type":"ReadAction","target":["https:\/\/www.zappyrent.com\/it\/blog\/come-stanno-cambiando-i-prezzi-a-milano\/"]}]},{"@type":"ImageObject","inLanguage":"it-IT","@id":"https:\/\/www.zappyrent.com\/it\/blog\/come-stanno-cambiando-i-prezzi-a-milano\/#primaryimage","url":"https:\/\/www.zappyrent.com\/wp\/app\/uploads\/2022\/11\/milano.jpg","contentUrl":"https:\/\/www.zappyrent.com\/wp\/app\/uploads\/2022\/11\/milano.jpg","width":1217,"height":694,"caption":"milano"},{"@type":"BreadcrumbList","@id":"https:\/\/www.zappyrent.com\/it\/blog\/come-stanno-cambiando-i-prezzi-a-milano\/#breadcrumb","itemListElement":[{"@type":"ListItem","position":1,"name":"Home","item":"https:\/\/www.zappyrent.com\/it\/"},{"@type":"ListItem","position":2,"name":"Affitti a Milano: come stanno cambiando i prezzi?"}]},{"@type":"WebSite","@id":"https:\/\/www.zappyrent.com\/it\/#website","url":"https:\/\/www.zappyrent.com\/it\/","name":"https:\/\/www.zappyrent.com\/it\/blog\/","description":"","publisher":{"@id":"https:\/\/www.zappyrent.com\/it\/#organization"},"potentialAction":[{"@type":"SearchAction","target":{"@type":"EntryPoint","urlTemplate":"https:\/\/www.zappyrent.com\/it\/?s={search_term_string}"},"query-input":{"@type":"PropertyValueSpecification","valueRequired":true,"valueName":"search_term_string"}}],"inLanguage":"it-IT"},{"@type":"Organization","@id":"https:\/\/www.zappyrent.com\/it\/#organization","name":"Zappyrent","url":"https:\/\/www.zappyrent.com\/it\/","logo":{"@type":"ImageObject","inLanguage":"it-IT","@id":"https:\/\/www.zappyrent.com\/it\/#\/schema\/logo\/image\/","url":"https:\/\/www.zappyrent.com\/wp\/app\/uploads\/2024\/05\/cropped-ZAPPYRENT-IL-BLOG-1.png","contentUrl":"https:\/\/www.zappyrent.com\/wp\/app\/uploads\/2024\/05\/cropped-ZAPPYRENT-IL-BLOG-1.png","width":2808,"height":1022,"caption":"Zappyrent"},"image":{"@id":"https:\/\/www.zappyrent.com\/it\/#\/schema\/logo\/image\/"},"sameAs":["https:\/\/www.facebook.com\/Zappyrent\/","https:\/\/www.instagram.com\/zappyrent\/"]},{"@type":"Person","@id":"https:\/\/www.zappyrent.com\/it\/#\/schema\/person\/525ab92f63452450dde3867c7d059f26","name":"Zappyrent","image":{"@type":"ImageObject","inLanguage":"it-IT","@id":"https:\/\/www.zappyrent.com\/it\/#\/schema\/person\/image\/","url":"https:\/\/secure.gravatar.com\/avatar\/7648dbed32cdf99b82d07cb0b8ce9fe7?s=96&d=mm&r=g","contentUrl":"https:\/\/secure.gravatar.com\/avatar\/7648dbed32cdf99b82d07cb0b8ce9fe7?s=96&d=mm&r=g","caption":"Zappyrent"},"url":"https:\/\/www.zappyrent.com\/it\/author\/sebastiano\/"}]}},"modified_by":"zappy","uagb_featured_image_src":{"full":["https:\/\/www.zappyrent.com\/wp\/app\/uploads\/2022\/11\/milano.jpg",1217,694,false],"thumbnail":["https:\/\/www.zappyrent.com\/wp\/app\/uploads\/2022\/11\/milano-150x150.jpg",150,150,true],"medium":["https:\/\/www.zappyrent.com\/wp\/app\/uploads\/2022\/11\/milano-600x342.jpg",600,342,true],"medium_large":["https:\/\/www.zappyrent.com\/wp\/app\/uploads\/2022\/11\/milano-768x438.jpg",640,365,true],"large":["https:\/\/www.zappyrent.com\/wp\/app\/uploads\/2022\/11\/milano-1200x684.jpg",640,365,true],"1536x1536":["https:\/\/www.zappyrent.com\/wp\/app\/uploads\/2022\/11\/milano.jpg",1217,694,false],"2048x2048":["https:\/\/www.zappyrent.com\/wp\/app\/uploads\/2022\/11\/milano.jpg",1217,694,false],"pgmb-post-image":["https:\/\/www.zappyrent.com\/wp\/app\/uploads\/2022\/11\/milano-1200x684.jpg",1200,684,true],"prefer-thumbnail-size":["https:\/\/www.zappyrent.com\/wp\/app\/uploads\/2022\/11\/milano-800x694.jpg",800,694,true],"prefer-related-size":["https:\/\/www.zappyrent.com\/wp\/app\/uploads\/2022\/11\/milano-600x400.jpg",600,400,true],"prefer-promo-post":["https:\/\/www.zappyrent.com\/wp\/app\/uploads\/2022\/11\/milano-800x500.jpg",800,500,true],"prefer-related-post-thumbnails":["https:\/\/www.zappyrent.com\/wp\/app\/uploads\/2022\/11\/milano-850x550.jpg",850,550,true],"mailpoet_newsletter_max":["https:\/\/www.zappyrent.com\/wp\/app\/uploads\/2022\/11\/milano.jpg",1217,694,false],"web-stories-poster-portrait":["https:\/\/www.zappyrent.com\/wp\/app\/uploads\/2022\/11\/milano-640x694.jpg",640,694,true],"web-stories-publisher-logo":["https:\/\/www.zappyrent.com\/wp\/app\/uploads\/2022\/11\/milano-96x96.jpg",96,96,true],"web-stories-thumbnail":["https:\/\/www.zappyrent.com\/wp\/app\/uploads\/2022\/11\/milano-150x86.jpg",150,86,true]},"uagb_author_info":{"display_name":"Zappyrent","author_link":"https:\/\/www.zappyrent.com\/it\/author\/sebastiano\/"},"uagb_comment_info":0,"uagb_excerpt":"Archiviata l&#8217;emergenza Covid, che ha posto un forte freno all&#8217;interesse da parte degli acquirenti e","_links":{"self":[{"href":"https:\/\/www.zappyrent.com\/it\/wp-json\/wp\/v2\/posts\/3128"}],"collection":[{"href":"https:\/\/www.zappyrent.com\/it\/wp-json\/wp\/v2\/posts"}],"about":[{"href":"https:\/\/www.zappyrent.com\/it\/wp-json\/wp\/v2\/types\/post"}],"author":[{"embeddable":true,"href":"https:\/\/www.zappyrent.com\/it\/wp-json\/wp\/v2\/users\/4"}],"replies":[{"embeddable":true,"href":"https:\/\/www.zappyrent.com\/it\/wp-json\/wp\/v2\/comments?post=3128"}],"version-history":[{"count":2,"href":"https:\/\/www.zappyrent.com\/it\/wp-json\/wp\/v2\/posts\/3128\/revisions"}],"predecessor-version":[{"id":5614,"href":"https:\/\/www.zappyrent.com\/it\/wp-json\/wp\/v2\/posts\/3128\/revisions\/5614"}],"wp:featuredmedia":[{"embeddable":true,"href":"https:\/\/www.zappyrent.com\/it\/wp-json\/wp\/v2\/media\/3139"}],"wp:attachment":[{"href":"https:\/\/www.zappyrent.com\/it\/wp-json\/wp\/v2\/media?parent=3128"}],"wp:term":[{"taxonomy":"category","embeddable":true,"href":"https:\/\/www.zappyrent.com\/it\/wp-json\/wp\/v2\/categories?post=3128"},{"taxonomy":"post_tag","embeddable":true,"href":"https:\/\/www.zappyrent.com\/it\/wp-json\/wp\/v2\/tags?post=3128"}],"curies":[{"name":"wp","href":"https:\/\/api.w.org\/{rel}","templated":true}]}}