{"id":2841,"date":"2022-05-10T18:23:11","date_gmt":"2022-05-10T16:23:11","guid":{"rendered":"https:\/\/www.zappyrent.com\/?p=2841"},"modified":"2024-07-18T15:00:10","modified_gmt":"2024-07-18T13:00:10","slug":"superficie-commerciale-di-un-immobile","status":"publish","type":"post","link":"https:\/\/www.zappyrent.com\/it\/blog\/superficie-commerciale-di-un-immobile\/","title":{"rendered":"Superficie commerciale di un immobile: cos&#8217;\u00e8 e come si calcola"},"content":{"rendered":"\r\n<p><strong>Superficie commerciale di un immobile<\/strong>: cos&#8217;\u00e8? Come si calcola? Se ti stai ponendo queste domande, nelle prossime righe di questo articolo potrai scoprire le risposte e diverse informazioni utili per approcciarti in maniera pi\u00f9 consapevole alla <a class=\"rank-math-link\" href=\"https:\/\/www.zappyrent.com\/it\/blog\/student-housing-cose-come-investire\">gestione della tua casa sul mercato<\/a>.<\/p>\r\n\r\n\r\n\r\n<p><a href=\"https:\/\/get.zappyrent.com\/steps2_blog\/?utm_source=organic&amp;utm_medium=blog&amp;utm_campaign=locatore&amp;tr=lead_blog_protezione_locatore\"><img fetchpriority=\"high\" decoding=\"async\" class=\"alignnone wp-image-5013 size-full\" src=\"https:\/\/www.zappyrent.com\/wp\/app\/uploads\/2024\/05\/4-Banner-BLOG-piu-largo-1.jpg\" alt=\"decreto-salva-casa-s\u00ec-mini-abitazioni\" width=\"2000\" height=\"685\" srcset=\"https:\/\/www.zappyrent.com\/wp\/app\/uploads\/2024\/05\/4-Banner-BLOG-piu-largo-1.jpg 2000w, https:\/\/www.zappyrent.com\/wp\/app\/uploads\/2024\/05\/4-Banner-BLOG-piu-largo-1-600x206.jpg 600w, https:\/\/www.zappyrent.com\/wp\/app\/uploads\/2024\/05\/4-Banner-BLOG-piu-largo-1-1200x411.jpg 1200w, https:\/\/www.zappyrent.com\/wp\/app\/uploads\/2024\/05\/4-Banner-BLOG-piu-largo-1-768x263.jpg 768w, https:\/\/www.zappyrent.com\/wp\/app\/uploads\/2024\/05\/4-Banner-BLOG-piu-largo-1-1536x526.jpg 1536w, https:\/\/www.zappyrent.com\/wp\/app\/uploads\/2024\/05\/4-Banner-BLOG-piu-largo-1-150x51.jpg 150w\" sizes=\"(max-width: 2000px) 100vw, 2000px\" \/><\/a><\/p>\r\n\r\n\r\n\r\n<h2 class=\"wp-block-heading\">Superficie commerciale: il significato in ambito immobiliare<\/h2>\r\n\r\n\r\n\r\n<p>Partiamo dalle basi, vedendo di cosa si parla di preciso quando si chiama in causa la<strong> superficie commerciale di un immobile<\/strong>. Conosciuta anche con il nome di &#8220;<strong>superficie commerciale vendibile<\/strong>&#8220;, la suddetta area altro non \u00e8 che la somma delle superfici ponderate che compongono l&#8217;immobile stesso. Sono quindi da considerare le pareti, gli eventuali balconi\/terrazzi &#8211; cos\u00ec come i giardini &#8211; le pertinenze ma solo a uso esclusivo (ossia, giusto per fare due esempi, il posto auto e la cantina).<\/p>\r\n\r\n\r\n\r\n<p>Un aspetto molto importante da sottolineare riguarda il fatto che, come stabilito dalle linee guida del <a class=\"rank-math-link\" href=\"https:\/\/www.agenziaentrate.gov.it\/portale\/documents\/20143\/268000\/dpr23032008_138_dpr_138_1998.pdf\/537e81d9-faba-5150-bfef-acffddfaf3da\">Decreto del Presidente della Repubblica 138\/1998<\/a>, la superficie commerciale di un immobile \u00e8 equiparata a quella catastale.<\/p>\r\n\r\n\r\n\r\n<h2 class=\"wp-block-heading\">Superficie commerciale e calpestabile: quali sono le differenze?<\/h2>\r\n\r\n\r\n\r\n<p>Dopo aver visto a cosa si fa riferimento quando si parla della <strong>superficie commerciale di un immobile<\/strong> \u00e8 il caso di approfondire un altro interrogativo importante. Quale di preciso? La<strong> differenza tra superficie commerciale e calpestabile.<\/strong><\/p>\r\n\r\n\r\n\r\n<p>Nel secondo caso, si inquadrano le<strong> superfici dove \u00e8 possibile concretamente camminare.<\/strong> Alla luce di ci\u00f2, non sono da comprendere i muri. Dette anche superfici abitabili, risultano accatastate come spazio abitativo.<\/p>\r\n\r\n\r\n\r\n<p>Per amore di precisione \u00e8 il caso di ricordare che, quando si ha a che fare con un immobile, le tipologie di superficie appena elencate non sono le uniche da prendere in considerazione. Doveroso, per esempio, \u00e8 citare anche l&#8217;esistenza della <strong>superficie utile<\/strong>. Quando la si chiama in causa, si inquadrano le potenzialit\u00e0 edificatorie di un determinato terreno.<\/p>\r\n\r\n\r\n\r\n<p>Da non dimenticare \u00e8 altres\u00ec la gi\u00e0 citata superficie catastale, per non parlare della cubatura, punto di riferimento fondamentale per gli oneri di urbanizzazione.<\/p>\r\n\r\n\r\n\r\n<h2 class=\"wp-block-heading\">Esempio di calcolo della superficie commerciale di un immobile: ecco cosa sapere<\/h2>\r\n\r\n\r\n\r\n<p>Quando si parla del calcolo della <strong>superficie commerciale di un immobile<\/strong> si tende spesso a pensare che, per arrivare al risultato, sia sufficiente sommare le aree dei vari vani e quelle delle pertinenze. Bene: le cose non stanno propriamente cos\u00ec! Necessario, infatti, \u00e8 chiamare in causa specifici coefficienti. Il riferimento in questo caso sono quelli della <a class=\"rank-math-link\" href=\"https:\/\/www.professioneimmobili.it\/pdf\/UNI_10750.pdf\">UNI 10750:2005<\/a>.<\/p>\r\n\r\n\r\n\r\n<p>Per essere precisi, \u00e8 bene ricordare che, a seconda del tipo di ambiente con il quale si ha a che fare, soltanto una <strong>percentuale della superficie<\/strong> \u00e8 utile al calcolo di quella commerciale. Giusto per fare un esempio concreto ricordiamo che, nel caso della parete confinante con un altro immobile o con un locale del condominio, si parla del 50% (il calcolo vale fino a un massimo di 25 metri quadri).<\/p>\r\n\r\n\r\n\r\n<p>Per le mansarde e i sottotetti vale invece il 75% se l&#8217;altezza media minima \u00e8 di 2,4 metri. La percentuale scende a 15 nelle situazioni in cui, invece, l&#8217;altezza media \u00e8 pari a 1,5 metri.<\/p>\r\n\r\n\r\n\r\n<p>A questo punto, abbiamo pi\u00f9 strumenti in mano per capire <strong>come gestire il calcolo della superficie commerciale di un immobile. <\/strong>Nel momento in cui abbiamo in mano la superficie lorda, ossia la somma delle superfici coperte comprese entro il profilo esterno delle pareti perimetrali, possiamo moltiplicarla per il coefficiente e trovarci quindi davanti alla superficie ponderata.<\/p>\r\n\r\n\r\n\r\n<p>Come accennato nelle righe precedenti, la somma delle varie superfici ponderate altro non \u00e8 che la superficie commerciale di un immobile.<\/p>\r\n\r\n\r\n\r\n<p>Chiarito questo fondamentale aspetto, \u00e8 opportuno spostare il focus su un altro tema di grande rilevanza, ossia il ruolo delle parti comuni a pi\u00f9 unit\u00e0 immobiliari. L&#8217;attuale disciplina normativa prevede che queste ultime non concorrano al calcolo della superficie commerciale. Attenzione: questo non vuol dire che non siano rilevanti ai fini della determinazione del valore dell&#8217;immobile sul mercato!<\/p>\r\n\r\n\r\n\r\n<h2 class=\"wp-block-heading\">Superficie commerciale del giardino: le percentuali<\/h2>\r\n\r\n\r\n\r\n<p>Quando, nelle righe precedenti, abbiamo fatto cenno alle<strong> percentuali<\/strong> aventi il fine di rappresentare un riferimento per il calcolo della superficie commerciale di un immobile ci siamo soffermati, avendo poco spazio, solo su superfici coperte.<\/p>\r\n\r\n\r\n\r\n<p>Doveroso \u00e8 sottolineare che lo stesso discorso si pu\u00f2 fare per quelle scoperte. Cosa dire, per esempio, in merito alla superficie commerciale dell&#8217;eventuale giardino? Che le percentuali sono le seguenti:<\/p>\r\n\r\n\r\n\r\n<ul class=\"wp-block-list\">\r\n<li>10 nei casi in cui si ha a che fare con giardini di ville;<\/li>\r\n<li>15 quando si parla di giardini di appartamenti.<\/li>\r\n<\/ul>\r\n\r\n\r\n\r\n<p>Per completare il quadro ricordiamo che, in caso di un balcone o di una terrazza scoperta, si parla del 25%. La percentuale \u00e8 pari a 35 per terrazze coperte, porticati e patii e al 60 quando, invece, si ha a che fare con una veranda.<\/p>\r\n\r\n\r\n\r\n<h2><b><a href=\"https:\/\/get.zappyrent.com\/steps2_blog\/?utm_source=organic&amp;utm_medium=blog&amp;utm_campaign=locatore&amp;tr=lead_blog_protezione_locatore\"><img decoding=\"async\" class=\"alignnone wp-image-5011 size-full\" src=\"https:\/\/www.zappyrent.com\/wp\/app\/uploads\/2024\/05\/2-Banner-BLOG-5.jpg\" alt=\"decreto-salva-casa-s\u00ec-mini-abitazioni\" width=\"2000\" height=\"625\" srcset=\"https:\/\/www.zappyrent.com\/wp\/app\/uploads\/2024\/05\/2-Banner-BLOG-5.jpg 2000w, https:\/\/www.zappyrent.com\/wp\/app\/uploads\/2024\/05\/2-Banner-BLOG-5-600x188.jpg 600w, https:\/\/www.zappyrent.com\/wp\/app\/uploads\/2024\/05\/2-Banner-BLOG-5-1200x375.jpg 1200w, https:\/\/www.zappyrent.com\/wp\/app\/uploads\/2024\/05\/2-Banner-BLOG-5-768x240.jpg 768w, https:\/\/www.zappyrent.com\/wp\/app\/uploads\/2024\/05\/2-Banner-BLOG-5-1536x480.jpg 1536w, https:\/\/www.zappyrent.com\/wp\/app\/uploads\/2024\/05\/2-Banner-BLOG-5-150x47.jpg 150w\" sizes=\"(max-width: 2000px) 100vw, 2000px\" \/><\/a><\/b><\/h2>\r\n\r\n\r\n\r\n<h2 class=\"wp-block-heading\">Calcolo della superficie commerciale di un appartamento: cosa non considerare?<\/h2>\r\n\r\n\r\n\r\n<p>Per rendere ancora pi\u00f9 chiaro il quadro relativo al calcolo della <strong>superficie commerciale di un immobile<\/strong>, vediamo assieme un caso con il quale tutti o quasi hanno a che fare, ossia quello dell&#8217;appartamento situato in condominio. Cosa non bisogna considerare in sede di calcolo della superficie commerciale vendibile del suddetto immobile?<\/p>\r\n\r\n\r\n\r\n<p>Le<strong> aree di uso comune<\/strong>, come per esempio l&#8217;eventuale spazio dedicato alle riunioni condominiali. Lo stesso vale per le scale, per i pianerottoli e per i ballatoi comuni quando sono presenti. Non contribuiscono al calcolo della superficie commerciale dell&#8217;immobile anche i locali dedicati alle mansioni di custodia e sorveglianza, cos\u00ec come quelli tecnici.<\/p>\r\n\r\n\r\n\r\n<p>Lo stesso si pu\u00f2 dire per le aree verdi &#8211; dai giardini fino ai camminamenti &#8211; comprese nel novero delle pertinenze dell&#8217;edificio.<\/p>\r\n\r\n\r\n\r\n<p>In linea generale, non si considerano nel sopra citato calcolo anche i locali caratterizzati da un&#8217;altezza inferiore a 1,50 metri.<\/p>\r\n","protected":false},"excerpt":{"rendered":"<p>Superficie commerciale di un immobile: cos&#8217;\u00e8? Come si calcola? Se ti stai ponendo queste domande,<\/p>\n","protected":false},"author":3,"featured_media":2842,"comment_status":"closed","ping_status":"closed","sticky":false,"template":"","format":"standard","meta":{"_yoast_wpseo_focuskw":"","_yoast_wpseo_title":"","_yoast_wpseo_metadesc":"","_mo_disable_npp":"","_uag_custom_page_level_css":"","_lmt_disableupdate":"no","_lmt_disable":"no","_mbp_gutenberg_autopost":false,"footnotes":""},"categories":[9],"tags":[],"class_list":["post-2841","post","type-post","status-publish","format-standard","has-post-thumbnail","hentry","category-blog"],"yoast_head":"<!-- This site is optimized with the Yoast SEO plugin v23.4 - https:\/\/yoast.com\/wordpress\/plugins\/seo\/ -->\n<title>Superficie commerciale di un immobile: cos&#039;\u00e8 e come si calcola<\/title>\n<meta name=\"robots\" content=\"index, follow, max-snippet:-1, max-image-preview:large, max-video-preview:-1\" \/>\n<link rel=\"canonical\" href=\"https:\/\/www.zappyrent.com\/it\/blog\/superficie-commerciale-di-un-immobile\/\" \/>\n<meta property=\"og:locale\" content=\"it_IT\" \/>\n<meta property=\"og:type\" content=\"article\" \/>\n<meta property=\"og:title\" content=\"Superficie commerciale di un immobile: cos&#039;\u00e8 e come si calcola\" \/>\n<meta property=\"og:description\" content=\"Superficie commerciale di un immobile: cos&#8217;\u00e8? Come si calcola? Se ti stai ponendo queste domande,\" \/>\n<meta property=\"og:url\" content=\"https:\/\/www.zappyrent.com\/it\/blog\/superficie-commerciale-di-un-immobile\/\" \/>\n<meta property=\"article:publisher\" content=\"https:\/\/www.facebook.com\/Zappyrent\/\" \/>\n<meta property=\"article:author\" content=\"zappy\" \/>\n<meta property=\"article:published_time\" content=\"2022-05-10T16:23:11+00:00\" \/>\n<meta property=\"article:modified_time\" content=\"2024-07-18T13:00:10+00:00\" \/>\n<meta property=\"og:image\" content=\"https:\/\/www.zappyrent.com\/wp\/app\/uploads\/2022\/05\/superficie-commerciale-di-un-immobile.jpg\" \/>\n\t<meta property=\"og:image:width\" content=\"1217\" \/>\n\t<meta property=\"og:image:height\" content=\"694\" \/>\n\t<meta property=\"og:image:type\" content=\"image\/jpeg\" \/>\n<meta name=\"author\" content=\"Zappy\" \/>\n<meta name=\"twitter:card\" content=\"summary_large_image\" \/>\n<meta name=\"twitter:label1\" content=\"Written by\" \/>\n\t<meta name=\"twitter:data1\" content=\"Zappy\" \/>\n\t<meta name=\"twitter:label2\" content=\"Est. reading time\" \/>\n\t<meta name=\"twitter:data2\" content=\"5 minuti\" \/>\n<script type=\"application\/ld+json\" class=\"yoast-schema-graph\">{\"@context\":\"https:\/\/schema.org\",\"@graph\":[{\"@type\":\"Article\",\"@id\":\"https:\/\/www.zappyrent.com\/it\/blog\/superficie-commerciale-di-un-immobile\/#article\",\"isPartOf\":{\"@id\":\"https:\/\/www.zappyrent.com\/it\/blog\/superficie-commerciale-di-un-immobile\/\"},\"author\":{\"name\":\"Zappy\",\"@id\":\"https:\/\/www.zappyrent.com\/it\/#\/schema\/person\/873ff5decdc14c09ece5be1ae703249e\"},\"headline\":\"Superficie commerciale di un immobile: cos&#8217;\u00e8 e come si calcola\",\"datePublished\":\"2022-05-10T16:23:11+00:00\",\"dateModified\":\"2024-07-18T13:00:10+00:00\",\"mainEntityOfPage\":{\"@id\":\"https:\/\/www.zappyrent.com\/it\/blog\/superficie-commerciale-di-un-immobile\/\"},\"wordCount\":905,\"publisher\":{\"@id\":\"https:\/\/www.zappyrent.com\/it\/#organization\"},\"image\":{\"@id\":\"https:\/\/www.zappyrent.com\/it\/blog\/superficie-commerciale-di-un-immobile\/#primaryimage\"},\"thumbnailUrl\":\"https:\/\/www.zappyrent.com\/wp\/app\/uploads\/2022\/05\/superficie-commerciale-di-un-immobile.jpg\",\"articleSection\":[\"Blog\"],\"inLanguage\":\"it-IT\"},{\"@type\":\"WebPage\",\"@id\":\"https:\/\/www.zappyrent.com\/it\/blog\/superficie-commerciale-di-un-immobile\/\",\"url\":\"https:\/\/www.zappyrent.com\/it\/blog\/superficie-commerciale-di-un-immobile\/\",\"name\":\"Superficie commerciale di un immobile: cos'\u00e8 e come si calcola\",\"isPartOf\":{\"@id\":\"https:\/\/www.zappyrent.com\/it\/#website\"},\"primaryImageOfPage\":{\"@id\":\"https:\/\/www.zappyrent.com\/it\/blog\/superficie-commerciale-di-un-immobile\/#primaryimage\"},\"image\":{\"@id\":\"https:\/\/www.zappyrent.com\/it\/blog\/superficie-commerciale-di-un-immobile\/#primaryimage\"},\"thumbnailUrl\":\"https:\/\/www.zappyrent.com\/wp\/app\/uploads\/2022\/05\/superficie-commerciale-di-un-immobile.jpg\",\"datePublished\":\"2022-05-10T16:23:11+00:00\",\"dateModified\":\"2024-07-18T13:00:10+00:00\",\"breadcrumb\":{\"@id\":\"https:\/\/www.zappyrent.com\/it\/blog\/superficie-commerciale-di-un-immobile\/#breadcrumb\"},\"inLanguage\":\"it-IT\",\"potentialAction\":[{\"@type\":\"ReadAction\",\"target\":[\"https:\/\/www.zappyrent.com\/it\/blog\/superficie-commerciale-di-un-immobile\/\"]}]},{\"@type\":\"ImageObject\",\"inLanguage\":\"it-IT\",\"@id\":\"https:\/\/www.zappyrent.com\/it\/blog\/superficie-commerciale-di-un-immobile\/#primaryimage\",\"url\":\"https:\/\/www.zappyrent.com\/wp\/app\/uploads\/2022\/05\/superficie-commerciale-di-un-immobile.jpg\",\"contentUrl\":\"https:\/\/www.zappyrent.com\/wp\/app\/uploads\/2022\/05\/superficie-commerciale-di-un-immobile.jpg\",\"width\":1217,\"height\":694,\"caption\":\"superficie commerciale di un immobile\"},{\"@type\":\"BreadcrumbList\",\"@id\":\"https:\/\/www.zappyrent.com\/it\/blog\/superficie-commerciale-di-un-immobile\/#breadcrumb\",\"itemListElement\":[{\"@type\":\"ListItem\",\"position\":1,\"name\":\"Home\",\"item\":\"https:\/\/www.zappyrent.com\/it\/\"},{\"@type\":\"ListItem\",\"position\":2,\"name\":\"Superficie commerciale di un immobile: cos&#8217;\u00e8 e come si calcola\"}]},{\"@type\":\"WebSite\",\"@id\":\"https:\/\/www.zappyrent.com\/it\/#website\",\"url\":\"https:\/\/www.zappyrent.com\/it\/\",\"name\":\"https:\/\/www.zappyrent.com\/it\/blog\/\",\"description\":\"\",\"publisher\":{\"@id\":\"https:\/\/www.zappyrent.com\/it\/#organization\"},\"potentialAction\":[{\"@type\":\"SearchAction\",\"target\":{\"@type\":\"EntryPoint\",\"urlTemplate\":\"https:\/\/www.zappyrent.com\/it\/?s={search_term_string}\"},\"query-input\":{\"@type\":\"PropertyValueSpecification\",\"valueRequired\":true,\"valueName\":\"search_term_string\"}}],\"inLanguage\":\"it-IT\"},{\"@type\":\"Organization\",\"@id\":\"https:\/\/www.zappyrent.com\/it\/#organization\",\"name\":\"Zappyrent\",\"url\":\"https:\/\/www.zappyrent.com\/it\/\",\"logo\":{\"@type\":\"ImageObject\",\"inLanguage\":\"it-IT\",\"@id\":\"https:\/\/www.zappyrent.com\/it\/#\/schema\/logo\/image\/\",\"url\":\"https:\/\/www.zappyrent.com\/wp\/app\/uploads\/2024\/05\/cropped-ZAPPYRENT-IL-BLOG-1.png\",\"contentUrl\":\"https:\/\/www.zappyrent.com\/wp\/app\/uploads\/2024\/05\/cropped-ZAPPYRENT-IL-BLOG-1.png\",\"width\":2808,\"height\":1022,\"caption\":\"Zappyrent\"},\"image\":{\"@id\":\"https:\/\/www.zappyrent.com\/it\/#\/schema\/logo\/image\/\"},\"sameAs\":[\"https:\/\/www.facebook.com\/Zappyrent\/\",\"https:\/\/www.instagram.com\/zappyrent\/\"]},{\"@type\":\"Person\",\"@id\":\"https:\/\/www.zappyrent.com\/it\/#\/schema\/person\/873ff5decdc14c09ece5be1ae703249e\",\"name\":\"Zappy\",\"image\":{\"@type\":\"ImageObject\",\"inLanguage\":\"it-IT\",\"@id\":\"https:\/\/www.zappyrent.com\/it\/#\/schema\/person\/image\/\",\"url\":\"https:\/\/secure.gravatar.com\/avatar\/44e903e44f54759e630b7b18de5f3ef5?s=96&d=mm&r=g\",\"contentUrl\":\"https:\/\/secure.gravatar.com\/avatar\/44e903e44f54759e630b7b18de5f3ef5?s=96&d=mm&r=g\",\"caption\":\"Zappy\"},\"sameAs\":[\"zappy\"],\"url\":\"https:\/\/www.zappyrent.com\/it\/author\/simone\/\"}]}<\/script>\n<!-- \/ Yoast SEO plugin. -->","yoast_head_json":{"title":"Superficie commerciale di un immobile: cos'\u00e8 e come si calcola","robots":{"index":"index","follow":"follow","max-snippet":"max-snippet:-1","max-image-preview":"max-image-preview:large","max-video-preview":"max-video-preview:-1"},"canonical":"https:\/\/www.zappyrent.com\/it\/blog\/superficie-commerciale-di-un-immobile\/","og_locale":"it_IT","og_type":"article","og_title":"Superficie commerciale di un immobile: cos'\u00e8 e come si calcola","og_description":"Superficie commerciale di un immobile: cos&#8217;\u00e8? Come si calcola? Se ti stai ponendo queste domande,","og_url":"https:\/\/www.zappyrent.com\/it\/blog\/superficie-commerciale-di-un-immobile\/","article_publisher":"https:\/\/www.facebook.com\/Zappyrent\/","article_author":"zappy","article_published_time":"2022-05-10T16:23:11+00:00","article_modified_time":"2024-07-18T13:00:10+00:00","og_image":[{"width":1217,"height":694,"url":"https:\/\/www.zappyrent.com\/wp\/app\/uploads\/2022\/05\/superficie-commerciale-di-un-immobile.jpg","type":"image\/jpeg"}],"author":"Zappy","twitter_card":"summary_large_image","twitter_misc":{"Written by":"Zappy","Est. reading time":"5 minuti"},"schema":{"@context":"https:\/\/schema.org","@graph":[{"@type":"Article","@id":"https:\/\/www.zappyrent.com\/it\/blog\/superficie-commerciale-di-un-immobile\/#article","isPartOf":{"@id":"https:\/\/www.zappyrent.com\/it\/blog\/superficie-commerciale-di-un-immobile\/"},"author":{"name":"Zappy","@id":"https:\/\/www.zappyrent.com\/it\/#\/schema\/person\/873ff5decdc14c09ece5be1ae703249e"},"headline":"Superficie commerciale di un immobile: cos&#8217;\u00e8 e come si calcola","datePublished":"2022-05-10T16:23:11+00:00","dateModified":"2024-07-18T13:00:10+00:00","mainEntityOfPage":{"@id":"https:\/\/www.zappyrent.com\/it\/blog\/superficie-commerciale-di-un-immobile\/"},"wordCount":905,"publisher":{"@id":"https:\/\/www.zappyrent.com\/it\/#organization"},"image":{"@id":"https:\/\/www.zappyrent.com\/it\/blog\/superficie-commerciale-di-un-immobile\/#primaryimage"},"thumbnailUrl":"https:\/\/www.zappyrent.com\/wp\/app\/uploads\/2022\/05\/superficie-commerciale-di-un-immobile.jpg","articleSection":["Blog"],"inLanguage":"it-IT"},{"@type":"WebPage","@id":"https:\/\/www.zappyrent.com\/it\/blog\/superficie-commerciale-di-un-immobile\/","url":"https:\/\/www.zappyrent.com\/it\/blog\/superficie-commerciale-di-un-immobile\/","name":"Superficie commerciale di un immobile: cos'\u00e8 e come si calcola","isPartOf":{"@id":"https:\/\/www.zappyrent.com\/it\/#website"},"primaryImageOfPage":{"@id":"https:\/\/www.zappyrent.com\/it\/blog\/superficie-commerciale-di-un-immobile\/#primaryimage"},"image":{"@id":"https:\/\/www.zappyrent.com\/it\/blog\/superficie-commerciale-di-un-immobile\/#primaryimage"},"thumbnailUrl":"https:\/\/www.zappyrent.com\/wp\/app\/uploads\/2022\/05\/superficie-commerciale-di-un-immobile.jpg","datePublished":"2022-05-10T16:23:11+00:00","dateModified":"2024-07-18T13:00:10+00:00","breadcrumb":{"@id":"https:\/\/www.zappyrent.com\/it\/blog\/superficie-commerciale-di-un-immobile\/#breadcrumb"},"inLanguage":"it-IT","potentialAction":[{"@type":"ReadAction","target":["https:\/\/www.zappyrent.com\/it\/blog\/superficie-commerciale-di-un-immobile\/"]}]},{"@type":"ImageObject","inLanguage":"it-IT","@id":"https:\/\/www.zappyrent.com\/it\/blog\/superficie-commerciale-di-un-immobile\/#primaryimage","url":"https:\/\/www.zappyrent.com\/wp\/app\/uploads\/2022\/05\/superficie-commerciale-di-un-immobile.jpg","contentUrl":"https:\/\/www.zappyrent.com\/wp\/app\/uploads\/2022\/05\/superficie-commerciale-di-un-immobile.jpg","width":1217,"height":694,"caption":"superficie commerciale di un immobile"},{"@type":"BreadcrumbList","@id":"https:\/\/www.zappyrent.com\/it\/blog\/superficie-commerciale-di-un-immobile\/#breadcrumb","itemListElement":[{"@type":"ListItem","position":1,"name":"Home","item":"https:\/\/www.zappyrent.com\/it\/"},{"@type":"ListItem","position":2,"name":"Superficie commerciale di un immobile: cos&#8217;\u00e8 e come si calcola"}]},{"@type":"WebSite","@id":"https:\/\/www.zappyrent.com\/it\/#website","url":"https:\/\/www.zappyrent.com\/it\/","name":"https:\/\/www.zappyrent.com\/it\/blog\/","description":"","publisher":{"@id":"https:\/\/www.zappyrent.com\/it\/#organization"},"potentialAction":[{"@type":"SearchAction","target":{"@type":"EntryPoint","urlTemplate":"https:\/\/www.zappyrent.com\/it\/?s={search_term_string}"},"query-input":{"@type":"PropertyValueSpecification","valueRequired":true,"valueName":"search_term_string"}}],"inLanguage":"it-IT"},{"@type":"Organization","@id":"https:\/\/www.zappyrent.com\/it\/#organization","name":"Zappyrent","url":"https:\/\/www.zappyrent.com\/it\/","logo":{"@type":"ImageObject","inLanguage":"it-IT","@id":"https:\/\/www.zappyrent.com\/it\/#\/schema\/logo\/image\/","url":"https:\/\/www.zappyrent.com\/wp\/app\/uploads\/2024\/05\/cropped-ZAPPYRENT-IL-BLOG-1.png","contentUrl":"https:\/\/www.zappyrent.com\/wp\/app\/uploads\/2024\/05\/cropped-ZAPPYRENT-IL-BLOG-1.png","width":2808,"height":1022,"caption":"Zappyrent"},"image":{"@id":"https:\/\/www.zappyrent.com\/it\/#\/schema\/logo\/image\/"},"sameAs":["https:\/\/www.facebook.com\/Zappyrent\/","https:\/\/www.instagram.com\/zappyrent\/"]},{"@type":"Person","@id":"https:\/\/www.zappyrent.com\/it\/#\/schema\/person\/873ff5decdc14c09ece5be1ae703249e","name":"Zappy","image":{"@type":"ImageObject","inLanguage":"it-IT","@id":"https:\/\/www.zappyrent.com\/it\/#\/schema\/person\/image\/","url":"https:\/\/secure.gravatar.com\/avatar\/44e903e44f54759e630b7b18de5f3ef5?s=96&d=mm&r=g","contentUrl":"https:\/\/secure.gravatar.com\/avatar\/44e903e44f54759e630b7b18de5f3ef5?s=96&d=mm&r=g","caption":"Zappy"},"sameAs":["zappy"],"url":"https:\/\/www.zappyrent.com\/it\/author\/simone\/"}]}},"modified_by":"zappy","uagb_featured_image_src":{"full":["https:\/\/www.zappyrent.com\/wp\/app\/uploads\/2022\/05\/superficie-commerciale-di-un-immobile.jpg",1217,694,false],"thumbnail":["https:\/\/www.zappyrent.com\/wp\/app\/uploads\/2022\/05\/superficie-commerciale-di-un-immobile-150x150.jpg",150,150,true],"medium":["https:\/\/www.zappyrent.com\/wp\/app\/uploads\/2022\/05\/superficie-commerciale-di-un-immobile-600x342.jpg",600,342,true],"medium_large":["https:\/\/www.zappyrent.com\/wp\/app\/uploads\/2022\/05\/superficie-commerciale-di-un-immobile-768x438.jpg",640,365,true],"large":["https:\/\/www.zappyrent.com\/wp\/app\/uploads\/2022\/05\/superficie-commerciale-di-un-immobile-1200x684.jpg",640,365,true],"1536x1536":["https:\/\/www.zappyrent.com\/wp\/app\/uploads\/2022\/05\/superficie-commerciale-di-un-immobile.jpg",1217,694,false],"2048x2048":["https:\/\/www.zappyrent.com\/wp\/app\/uploads\/2022\/05\/superficie-commerciale-di-un-immobile.jpg",1217,694,false],"pgmb-post-image":["https:\/\/www.zappyrent.com\/wp\/app\/uploads\/2022\/05\/superficie-commerciale-di-un-immobile-1200x684.jpg",1200,684,true],"prefer-thumbnail-size":["https:\/\/www.zappyrent.com\/wp\/app\/uploads\/2022\/05\/superficie-commerciale-di-un-immobile-800x694.jpg",800,694,true],"prefer-related-size":["https:\/\/www.zappyrent.com\/wp\/app\/uploads\/2022\/05\/superficie-commerciale-di-un-immobile-600x400.jpg",600,400,true],"prefer-promo-post":["https:\/\/www.zappyrent.com\/wp\/app\/uploads\/2022\/05\/superficie-commerciale-di-un-immobile-800x500.jpg",800,500,true],"prefer-related-post-thumbnails":["https:\/\/www.zappyrent.com\/wp\/app\/uploads\/2022\/05\/superficie-commerciale-di-un-immobile-850x550.jpg",850,550,true],"mailpoet_newsletter_max":["https:\/\/www.zappyrent.com\/wp\/app\/uploads\/2022\/05\/superficie-commerciale-di-un-immobile.jpg",1217,694,false],"web-stories-poster-portrait":["https:\/\/www.zappyrent.com\/wp\/app\/uploads\/2022\/05\/superficie-commerciale-di-un-immobile-640x694.jpg",640,694,true],"web-stories-publisher-logo":["https:\/\/www.zappyrent.com\/wp\/app\/uploads\/2022\/05\/superficie-commerciale-di-un-immobile-96x96.jpg",96,96,true],"web-stories-thumbnail":["https:\/\/www.zappyrent.com\/wp\/app\/uploads\/2022\/05\/superficie-commerciale-di-un-immobile-150x86.jpg",150,86,true]},"uagb_author_info":{"display_name":"Zappy","author_link":"https:\/\/www.zappyrent.com\/it\/author\/simone\/"},"uagb_comment_info":0,"uagb_excerpt":"Superficie commerciale di un immobile: cos&#8217;\u00e8? Come si calcola? Se ti stai ponendo queste domande,","_links":{"self":[{"href":"https:\/\/www.zappyrent.com\/it\/wp-json\/wp\/v2\/posts\/2841"}],"collection":[{"href":"https:\/\/www.zappyrent.com\/it\/wp-json\/wp\/v2\/posts"}],"about":[{"href":"https:\/\/www.zappyrent.com\/it\/wp-json\/wp\/v2\/types\/post"}],"author":[{"embeddable":true,"href":"https:\/\/www.zappyrent.com\/it\/wp-json\/wp\/v2\/users\/3"}],"replies":[{"embeddable":true,"href":"https:\/\/www.zappyrent.com\/it\/wp-json\/wp\/v2\/comments?post=2841"}],"version-history":[{"count":4,"href":"https:\/\/www.zappyrent.com\/it\/wp-json\/wp\/v2\/posts\/2841\/revisions"}],"predecessor-version":[{"id":5654,"href":"https:\/\/www.zappyrent.com\/it\/wp-json\/wp\/v2\/posts\/2841\/revisions\/5654"}],"wp:featuredmedia":[{"embeddable":true,"href":"https:\/\/www.zappyrent.com\/it\/wp-json\/wp\/v2\/media\/2842"}],"wp:attachment":[{"href":"https:\/\/www.zappyrent.com\/it\/wp-json\/wp\/v2\/media?parent=2841"}],"wp:term":[{"taxonomy":"category","embeddable":true,"href":"https:\/\/www.zappyrent.com\/it\/wp-json\/wp\/v2\/categories?post=2841"},{"taxonomy":"post_tag","embeddable":true,"href":"https:\/\/www.zappyrent.com\/it\/wp-json\/wp\/v2\/tags?post=2841"}],"curies":[{"name":"wp","href":"https:\/\/api.w.org\/{rel}","templated":true}]}}