{"id":2005,"date":"2021-08-06T15:13:44","date_gmt":"2021-08-06T13:13:44","guid":{"rendered":"https:\/\/www.zappyrent.com\/?p=2005"},"modified":"2021-12-23T15:08:04","modified_gmt":"2021-12-23T14:08:04","slug":"imu-prima-casa-il-non-residente-la-deve-pagare","status":"publish","type":"post","link":"https:\/\/www.zappyrent.com\/it\/blog\/imu-prima-casa-il-non-residente-la-deve-pagare\/","title":{"rendered":"IMU prima casa: il non residente la deve pagare?"},"content":{"rendered":"\n<p>Una questione che pone spesso e volentieri diversi interrogativi quando si tratta di imposte \u00e8 il <strong>pagamento dell&#8217;IMU sulla prima casa per un non residente<\/strong> nella stessa. In poche parole, molte persone si domandano se devono pagare l&#8217;<strong><a href=\"https:\/\/www.zappyrent.com\/it\/blog\/imu-che-cos-e-come-funziona-e-come-calcolare-l-importo\" class=\"rank-math-link\">IMU<\/a><\/strong> sulla 1\u00b0 casa, di cui sono proprietarie, anche se vivono da un&#8217;altra parte.<\/p>\n\n\n\n<p>Scopri la risposta a questa domanda nell&#8217;articolo di Zappyrent, l&#8217;unico portale di affitti che ti paga il canone <strong>anche in caso di morosit\u00e0<\/strong> dell&#8217;inquilino!<\/p>\n\n\n\n<figure class=\"wp-block-image size-large\"><a href=\"https:\/\/try.zappyrent.com\/landlord\/form\/?utm_source=organic&amp;utm_medium=blog&amp;utm_campaign=imu_non_residente&amp;tr=lead_blog_protezione_imu_non_residente\"><img fetchpriority=\"high\" decoding=\"async\" width=\"1200\" height=\"264\" src=\"https:\/\/www.zappyrent.com\/wp\/app\/uploads\/2021\/09\/Frame-893-1-1200x264.png\" alt=\"\" class=\"wp-image-2110\" srcset=\"https:\/\/www.zappyrent.com\/wp\/app\/uploads\/2021\/09\/Frame-893-1-1200x264.png 1200w, https:\/\/www.zappyrent.com\/wp\/app\/uploads\/2021\/09\/Frame-893-1-600x132.png 600w, https:\/\/www.zappyrent.com\/wp\/app\/uploads\/2021\/09\/Frame-893-1-768x169.png 768w, https:\/\/www.zappyrent.com\/wp\/app\/uploads\/2021\/09\/Frame-893-1-1536x338.png 1536w, https:\/\/www.zappyrent.com\/wp\/app\/uploads\/2021\/09\/Frame-893-1-150x33.png 150w, https:\/\/www.zappyrent.com\/wp\/app\/uploads\/2021\/09\/Frame-893-1.png 1850w\" sizes=\"(max-width: 1200px) 100vw, 1200px\" \/><\/a><\/figure>\n\n\n\n<h2 class=\"wp-block-heading\">La differenza fondamentale tra residenza e dimora abituale<\/h2>\n\n\n\n<p>L&#8217;equivoco, che scatena i dubbi dei proprietari di immobili, deriva dalla confusione che c&#8217;\u00e8 attorno alla definizione di &#8220;<strong>residenza<\/strong>&#8220;: essa \u00e8 il luogo indicato all&#8217;anagrafe del Comune. Concetto diverso dalla <strong>dimora abituale<\/strong>, che invece indica il luogo in cui una persona &#8220;vive&#8221; per la maggior parte del tempo.<\/p>\n\n\n\n<p>L&#8217;IMU infatti<strong> non va pagata sull&#8217;abitazione principale<\/strong>, e non sulla &#8220;prima casa&#8221; in s\u00e9. Quindi \u00e8 necessario risiedere e vivere nell&#8217;immobile in questione per poter godere dell&#8217;<strong><a href=\"https:\/\/www.zappyrent.com\/it\/blog\/chi-puo-godere-dellesenzione-imu\" class=\"rank-math-link\">esenzione IMU<\/a><\/strong>. Ma in base a cosa si stabilisce se l&#8217;IMU sulla prima casa va pagata da un non residente? Qui entrano in gioco i concetti di residenza e dimora abituale.<\/p>\n\n\n\n<p>L&#8217;immobile deve essere <strong>luogo di residenza<\/strong> del contribuente (e del coniuge, se presente) <strong>ma anche essere dimora abituale<\/strong>. Non si pu\u00f2 avere la residenza e poi vivere da un&#8217;altra parte per ottenere l&#8217;esenzione IMU, come non basta abitare in una casa senza avere la residenza per non pagare l&#8217;imposta.<\/p>\n\n\n\n<h2 class=\"wp-block-heading\">La prima casa \u00e8 dove si vive abitualmente<\/h2>\n\n\n\n<p>Non basta quindi avere una casa di propriet\u00e0 senza residenza per godere dell&#8217;esenzione IMU. Essa \u00e8 valida solamente se la prima casa \u00e8, oltre che posseduta, dimora abituale del contribuente. L&#8217;IMU sulla prima casa da non residente non va pagata se sussistono entrambe le condizioni.<\/p>\n\n\n\n<p>E se per cause di forza maggiore ci si ritrova a dover vivere da un&#8217;altra parte, lasciando la vera e propria abitazione principale per dimorare da un&#8217;altra parte? Pu\u00f2 essere il caso, ad esempio, di grandi opere di <strong><a href=\"https:\/\/www.zappyrent.com\/it\/blog\/come-ristrutturare-casa-regole-e-consigli-per-chi-vuole-affittare\" class=\"rank-math-link\">ristrutturazione<\/a><\/strong>.<\/p>\n\n\n\n<p>In questo caso ci saranno <strong>18 mesi a disposizione<\/strong> per trasferire la residenza e poter continuare cos\u00ec a godere dei benefici dell&#8217;esenzione dall&#8217;IMU sulla prima casa.<\/p>\n\n\n\n<figure class=\"wp-block-image size-large\"><a href=\"https:\/\/try.zappyrent.com\/landlord\/form\/?utm_source=organic&amp;utm_medium=blog&amp;utm_campaign=imu_non_residente&amp;tr=lead_blog_esclusiva_imu_non_residente\"><img decoding=\"async\" width=\"1200\" height=\"264\" src=\"https:\/\/www.zappyrent.com\/wp\/app\/uploads\/2021\/09\/Banner_blog03a-1200x264.png\" alt=\"\" class=\"wp-image-2151\" srcset=\"https:\/\/www.zappyrent.com\/wp\/app\/uploads\/2021\/09\/Banner_blog03a-1200x264.png 1200w, https:\/\/www.zappyrent.com\/wp\/app\/uploads\/2021\/09\/Banner_blog03a-600x132.png 600w, https:\/\/www.zappyrent.com\/wp\/app\/uploads\/2021\/09\/Banner_blog03a-768x169.png 768w, https:\/\/www.zappyrent.com\/wp\/app\/uploads\/2021\/09\/Banner_blog03a-1536x338.png 1536w, https:\/\/www.zappyrent.com\/wp\/app\/uploads\/2021\/09\/Banner_blog03a-150x33.png 150w, https:\/\/www.zappyrent.com\/wp\/app\/uploads\/2021\/09\/Banner_blog03a.png 1850w\" sizes=\"(max-width: 1200px) 100vw, 1200px\" \/><\/a><\/figure>\n\n\n\n<h2 class=\"wp-block-heading\">Recupera le spese con Zappyrent!<\/h2>\n\n\n\n<p>Le imposte sulla casa possono essere una spesa considerevole da affrontare e affittare le propriet\u00e0 \u00e8 un metodo perfetto per recuperare le spese e iniziare a guadagnare!<\/p>\n\n\n\n<p><strong>Con Zappyrent avrai l&#8217;affitto garantito ogni mese<\/strong> aldil\u00e0 di eventuali inquilini morosi o ritardi nei pagamenti. Com&#8217;\u00e8 possibile? Semplicemente perch\u00e9 siamo noi a versarti il canone, ogni 12 del mese. In questo modo il tuo affitto sar\u00e0 garantito e non dovrai pi\u00f9 avere alcuna preoccupazione: <strong>penseremo a tutto noi.<\/strong><\/p>\n","protected":false},"excerpt":{"rendered":"<p>Una questione che pone spesso e volentieri diversi interrogativi quando si tratta di imposte \u00e8<\/p>\n","protected":false},"author":3,"featured_media":2008,"comment_status":"closed","ping_status":"closed","sticky":false,"template":"","format":"standard","meta":{"_yoast_wpseo_focuskw":"","_yoast_wpseo_title":"","_yoast_wpseo_metadesc":"","_mo_disable_npp":"","_uag_custom_page_level_css":"","_lmt_disableupdate":"no","_lmt_disable":"no","_mbp_gutenberg_autopost":false,"footnotes":""},"categories":[9],"tags":[],"class_list":["post-2005","post","type-post","status-publish","format-standard","has-post-thumbnail","hentry","category-blog"],"yoast_head":"<!-- This site is optimized with the Yoast SEO plugin v23.4 - https:\/\/yoast.com\/wordpress\/plugins\/seo\/ -->\n<title>IMU prima casa: il non residente la deve pagare?<\/title>\n<meta name=\"robots\" content=\"index, follow, max-snippet:-1, max-image-preview:large, max-video-preview:-1\" \/>\n<link rel=\"canonical\" href=\"https:\/\/www.zappyrent.com\/it\/blog\/imu-prima-casa-il-non-residente-la-deve-pagare\/\" \/>\n<meta property=\"og:locale\" content=\"it_IT\" \/>\n<meta property=\"og:type\" content=\"article\" \/>\n<meta property=\"og:title\" content=\"IMU prima casa: il non residente la deve pagare?\" \/>\n<meta property=\"og:description\" content=\"Una questione che pone spesso e volentieri diversi interrogativi quando si tratta di imposte \u00e8\" \/>\n<meta property=\"og:url\" content=\"https:\/\/www.zappyrent.com\/it\/blog\/imu-prima-casa-il-non-residente-la-deve-pagare\/\" \/>\n<meta property=\"article:publisher\" content=\"https:\/\/www.facebook.com\/Zappyrent\/\" \/>\n<meta property=\"article:author\" content=\"zappy\" \/>\n<meta property=\"article:published_time\" content=\"2021-08-06T13:13:44+00:00\" \/>\n<meta property=\"article:modified_time\" content=\"2021-12-23T14:08:04+00:00\" \/>\n<meta property=\"og:image\" content=\"https:\/\/www.zappyrent.com\/wp\/app\/uploads\/2021\/08\/imu-prima-casa-non-residente-1.jpg\" \/>\n\t<meta property=\"og:image:width\" content=\"1280\" \/>\n\t<meta property=\"og:image:height\" content=\"972\" \/>\n\t<meta property=\"og:image:type\" content=\"image\/jpeg\" \/>\n<meta name=\"author\" content=\"Zappy\" \/>\n<meta name=\"twitter:card\" content=\"summary_large_image\" \/>\n<meta name=\"twitter:label1\" content=\"Written by\" \/>\n\t<meta name=\"twitter:data1\" content=\"Zappy\" \/>\n\t<meta name=\"twitter:label2\" content=\"Est. reading time\" \/>\n\t<meta name=\"twitter:data2\" content=\"2 minuti\" \/>\n<script type=\"application\/ld+json\" class=\"yoast-schema-graph\">{\"@context\":\"https:\/\/schema.org\",\"@graph\":[{\"@type\":\"Article\",\"@id\":\"https:\/\/www.zappyrent.com\/it\/blog\/imu-prima-casa-il-non-residente-la-deve-pagare\/#article\",\"isPartOf\":{\"@id\":\"https:\/\/www.zappyrent.com\/it\/blog\/imu-prima-casa-il-non-residente-la-deve-pagare\/\"},\"author\":{\"name\":\"Zappy\",\"@id\":\"https:\/\/www.zappyrent.com\/it\/#\/schema\/person\/873ff5decdc14c09ece5be1ae703249e\"},\"headline\":\"IMU prima casa: il non residente la deve pagare?\",\"datePublished\":\"2021-08-06T13:13:44+00:00\",\"dateModified\":\"2021-12-23T14:08:04+00:00\",\"mainEntityOfPage\":{\"@id\":\"https:\/\/www.zappyrent.com\/it\/blog\/imu-prima-casa-il-non-residente-la-deve-pagare\/\"},\"wordCount\":437,\"publisher\":{\"@id\":\"https:\/\/www.zappyrent.com\/it\/#organization\"},\"image\":{\"@id\":\"https:\/\/www.zappyrent.com\/it\/blog\/imu-prima-casa-il-non-residente-la-deve-pagare\/#primaryimage\"},\"thumbnailUrl\":\"https:\/\/www.zappyrent.com\/wp\/app\/uploads\/2021\/08\/imu-prima-casa-non-residente-1.jpg\",\"articleSection\":[\"Blog\"],\"inLanguage\":\"it-IT\"},{\"@type\":\"WebPage\",\"@id\":\"https:\/\/www.zappyrent.com\/it\/blog\/imu-prima-casa-il-non-residente-la-deve-pagare\/\",\"url\":\"https:\/\/www.zappyrent.com\/it\/blog\/imu-prima-casa-il-non-residente-la-deve-pagare\/\",\"name\":\"IMU prima casa: il non residente la deve pagare?\",\"isPartOf\":{\"@id\":\"https:\/\/www.zappyrent.com\/it\/#website\"},\"primaryImageOfPage\":{\"@id\":\"https:\/\/www.zappyrent.com\/it\/blog\/imu-prima-casa-il-non-residente-la-deve-pagare\/#primaryimage\"},\"image\":{\"@id\":\"https:\/\/www.zappyrent.com\/it\/blog\/imu-prima-casa-il-non-residente-la-deve-pagare\/#primaryimage\"},\"thumbnailUrl\":\"https:\/\/www.zappyrent.com\/wp\/app\/uploads\/2021\/08\/imu-prima-casa-non-residente-1.jpg\",\"datePublished\":\"2021-08-06T13:13:44+00:00\",\"dateModified\":\"2021-12-23T14:08:04+00:00\",\"breadcrumb\":{\"@id\":\"https:\/\/www.zappyrent.com\/it\/blog\/imu-prima-casa-il-non-residente-la-deve-pagare\/#breadcrumb\"},\"inLanguage\":\"it-IT\",\"potentialAction\":[{\"@type\":\"ReadAction\",\"target\":[\"https:\/\/www.zappyrent.com\/it\/blog\/imu-prima-casa-il-non-residente-la-deve-pagare\/\"]}]},{\"@type\":\"ImageObject\",\"inLanguage\":\"it-IT\",\"@id\":\"https:\/\/www.zappyrent.com\/it\/blog\/imu-prima-casa-il-non-residente-la-deve-pagare\/#primaryimage\",\"url\":\"https:\/\/www.zappyrent.com\/wp\/app\/uploads\/2021\/08\/imu-prima-casa-non-residente-1.jpg\",\"contentUrl\":\"https:\/\/www.zappyrent.com\/wp\/app\/uploads\/2021\/08\/imu-prima-casa-non-residente-1.jpg\",\"width\":1280,\"height\":972,\"caption\":\"imu prima casa non residente\"},{\"@type\":\"BreadcrumbList\",\"@id\":\"https:\/\/www.zappyrent.com\/it\/blog\/imu-prima-casa-il-non-residente-la-deve-pagare\/#breadcrumb\",\"itemListElement\":[{\"@type\":\"ListItem\",\"position\":1,\"name\":\"Home\",\"item\":\"https:\/\/www.zappyrent.com\/it\/\"},{\"@type\":\"ListItem\",\"position\":2,\"name\":\"IMU prima casa: il non residente la deve pagare?\"}]},{\"@type\":\"WebSite\",\"@id\":\"https:\/\/www.zappyrent.com\/it\/#website\",\"url\":\"https:\/\/www.zappyrent.com\/it\/\",\"name\":\"https:\/\/www.zappyrent.com\/it\/blog\/\",\"description\":\"\",\"publisher\":{\"@id\":\"https:\/\/www.zappyrent.com\/it\/#organization\"},\"potentialAction\":[{\"@type\":\"SearchAction\",\"target\":{\"@type\":\"EntryPoint\",\"urlTemplate\":\"https:\/\/www.zappyrent.com\/it\/?s={search_term_string}\"},\"query-input\":{\"@type\":\"PropertyValueSpecification\",\"valueRequired\":true,\"valueName\":\"search_term_string\"}}],\"inLanguage\":\"it-IT\"},{\"@type\":\"Organization\",\"@id\":\"https:\/\/www.zappyrent.com\/it\/#organization\",\"name\":\"Zappyrent\",\"url\":\"https:\/\/www.zappyrent.com\/it\/\",\"logo\":{\"@type\":\"ImageObject\",\"inLanguage\":\"it-IT\",\"@id\":\"https:\/\/www.zappyrent.com\/it\/#\/schema\/logo\/image\/\",\"url\":\"https:\/\/www.zappyrent.com\/wp\/app\/uploads\/2024\/05\/cropped-ZAPPYRENT-IL-BLOG-1.png\",\"contentUrl\":\"https:\/\/www.zappyrent.com\/wp\/app\/uploads\/2024\/05\/cropped-ZAPPYRENT-IL-BLOG-1.png\",\"width\":2808,\"height\":1022,\"caption\":\"Zappyrent\"},\"image\":{\"@id\":\"https:\/\/www.zappyrent.com\/it\/#\/schema\/logo\/image\/\"},\"sameAs\":[\"https:\/\/www.facebook.com\/Zappyrent\/\",\"https:\/\/www.instagram.com\/zappyrent\/\"]},{\"@type\":\"Person\",\"@id\":\"https:\/\/www.zappyrent.com\/it\/#\/schema\/person\/873ff5decdc14c09ece5be1ae703249e\",\"name\":\"Zappy\",\"image\":{\"@type\":\"ImageObject\",\"inLanguage\":\"it-IT\",\"@id\":\"https:\/\/www.zappyrent.com\/it\/#\/schema\/person\/image\/\",\"url\":\"https:\/\/secure.gravatar.com\/avatar\/44e903e44f54759e630b7b18de5f3ef5?s=96&d=mm&r=g\",\"contentUrl\":\"https:\/\/secure.gravatar.com\/avatar\/44e903e44f54759e630b7b18de5f3ef5?s=96&d=mm&r=g\",\"caption\":\"Zappy\"},\"sameAs\":[\"zappy\"],\"url\":\"https:\/\/www.zappyrent.com\/it\/author\/simone\/\"}]}<\/script>\n<!-- \/ Yoast SEO plugin. -->","yoast_head_json":{"title":"IMU prima casa: il non residente la deve pagare?","robots":{"index":"index","follow":"follow","max-snippet":"max-snippet:-1","max-image-preview":"max-image-preview:large","max-video-preview":"max-video-preview:-1"},"canonical":"https:\/\/www.zappyrent.com\/it\/blog\/imu-prima-casa-il-non-residente-la-deve-pagare\/","og_locale":"it_IT","og_type":"article","og_title":"IMU prima casa: il non residente la deve pagare?","og_description":"Una questione che pone spesso e volentieri diversi interrogativi quando si tratta di imposte \u00e8","og_url":"https:\/\/www.zappyrent.com\/it\/blog\/imu-prima-casa-il-non-residente-la-deve-pagare\/","article_publisher":"https:\/\/www.facebook.com\/Zappyrent\/","article_author":"zappy","article_published_time":"2021-08-06T13:13:44+00:00","article_modified_time":"2021-12-23T14:08:04+00:00","og_image":[{"width":1280,"height":972,"url":"https:\/\/www.zappyrent.com\/wp\/app\/uploads\/2021\/08\/imu-prima-casa-non-residente-1.jpg","type":"image\/jpeg"}],"author":"Zappy","twitter_card":"summary_large_image","twitter_misc":{"Written by":"Zappy","Est. reading time":"2 minuti"},"schema":{"@context":"https:\/\/schema.org","@graph":[{"@type":"Article","@id":"https:\/\/www.zappyrent.com\/it\/blog\/imu-prima-casa-il-non-residente-la-deve-pagare\/#article","isPartOf":{"@id":"https:\/\/www.zappyrent.com\/it\/blog\/imu-prima-casa-il-non-residente-la-deve-pagare\/"},"author":{"name":"Zappy","@id":"https:\/\/www.zappyrent.com\/it\/#\/schema\/person\/873ff5decdc14c09ece5be1ae703249e"},"headline":"IMU prima casa: il non residente la deve pagare?","datePublished":"2021-08-06T13:13:44+00:00","dateModified":"2021-12-23T14:08:04+00:00","mainEntityOfPage":{"@id":"https:\/\/www.zappyrent.com\/it\/blog\/imu-prima-casa-il-non-residente-la-deve-pagare\/"},"wordCount":437,"publisher":{"@id":"https:\/\/www.zappyrent.com\/it\/#organization"},"image":{"@id":"https:\/\/www.zappyrent.com\/it\/blog\/imu-prima-casa-il-non-residente-la-deve-pagare\/#primaryimage"},"thumbnailUrl":"https:\/\/www.zappyrent.com\/wp\/app\/uploads\/2021\/08\/imu-prima-casa-non-residente-1.jpg","articleSection":["Blog"],"inLanguage":"it-IT"},{"@type":"WebPage","@id":"https:\/\/www.zappyrent.com\/it\/blog\/imu-prima-casa-il-non-residente-la-deve-pagare\/","url":"https:\/\/www.zappyrent.com\/it\/blog\/imu-prima-casa-il-non-residente-la-deve-pagare\/","name":"IMU prima casa: il non residente la deve pagare?","isPartOf":{"@id":"https:\/\/www.zappyrent.com\/it\/#website"},"primaryImageOfPage":{"@id":"https:\/\/www.zappyrent.com\/it\/blog\/imu-prima-casa-il-non-residente-la-deve-pagare\/#primaryimage"},"image":{"@id":"https:\/\/www.zappyrent.com\/it\/blog\/imu-prima-casa-il-non-residente-la-deve-pagare\/#primaryimage"},"thumbnailUrl":"https:\/\/www.zappyrent.com\/wp\/app\/uploads\/2021\/08\/imu-prima-casa-non-residente-1.jpg","datePublished":"2021-08-06T13:13:44+00:00","dateModified":"2021-12-23T14:08:04+00:00","breadcrumb":{"@id":"https:\/\/www.zappyrent.com\/it\/blog\/imu-prima-casa-il-non-residente-la-deve-pagare\/#breadcrumb"},"inLanguage":"it-IT","potentialAction":[{"@type":"ReadAction","target":["https:\/\/www.zappyrent.com\/it\/blog\/imu-prima-casa-il-non-residente-la-deve-pagare\/"]}]},{"@type":"ImageObject","inLanguage":"it-IT","@id":"https:\/\/www.zappyrent.com\/it\/blog\/imu-prima-casa-il-non-residente-la-deve-pagare\/#primaryimage","url":"https:\/\/www.zappyrent.com\/wp\/app\/uploads\/2021\/08\/imu-prima-casa-non-residente-1.jpg","contentUrl":"https:\/\/www.zappyrent.com\/wp\/app\/uploads\/2021\/08\/imu-prima-casa-non-residente-1.jpg","width":1280,"height":972,"caption":"imu prima casa non residente"},{"@type":"BreadcrumbList","@id":"https:\/\/www.zappyrent.com\/it\/blog\/imu-prima-casa-il-non-residente-la-deve-pagare\/#breadcrumb","itemListElement":[{"@type":"ListItem","position":1,"name":"Home","item":"https:\/\/www.zappyrent.com\/it\/"},{"@type":"ListItem","position":2,"name":"IMU prima casa: il non residente la deve pagare?"}]},{"@type":"WebSite","@id":"https:\/\/www.zappyrent.com\/it\/#website","url":"https:\/\/www.zappyrent.com\/it\/","name":"https:\/\/www.zappyrent.com\/it\/blog\/","description":"","publisher":{"@id":"https:\/\/www.zappyrent.com\/it\/#organization"},"potentialAction":[{"@type":"SearchAction","target":{"@type":"EntryPoint","urlTemplate":"https:\/\/www.zappyrent.com\/it\/?s={search_term_string}"},"query-input":{"@type":"PropertyValueSpecification","valueRequired":true,"valueName":"search_term_string"}}],"inLanguage":"it-IT"},{"@type":"Organization","@id":"https:\/\/www.zappyrent.com\/it\/#organization","name":"Zappyrent","url":"https:\/\/www.zappyrent.com\/it\/","logo":{"@type":"ImageObject","inLanguage":"it-IT","@id":"https:\/\/www.zappyrent.com\/it\/#\/schema\/logo\/image\/","url":"https:\/\/www.zappyrent.com\/wp\/app\/uploads\/2024\/05\/cropped-ZAPPYRENT-IL-BLOG-1.png","contentUrl":"https:\/\/www.zappyrent.com\/wp\/app\/uploads\/2024\/05\/cropped-ZAPPYRENT-IL-BLOG-1.png","width":2808,"height":1022,"caption":"Zappyrent"},"image":{"@id":"https:\/\/www.zappyrent.com\/it\/#\/schema\/logo\/image\/"},"sameAs":["https:\/\/www.facebook.com\/Zappyrent\/","https:\/\/www.instagram.com\/zappyrent\/"]},{"@type":"Person","@id":"https:\/\/www.zappyrent.com\/it\/#\/schema\/person\/873ff5decdc14c09ece5be1ae703249e","name":"Zappy","image":{"@type":"ImageObject","inLanguage":"it-IT","@id":"https:\/\/www.zappyrent.com\/it\/#\/schema\/person\/image\/","url":"https:\/\/secure.gravatar.com\/avatar\/44e903e44f54759e630b7b18de5f3ef5?s=96&d=mm&r=g","contentUrl":"https:\/\/secure.gravatar.com\/avatar\/44e903e44f54759e630b7b18de5f3ef5?s=96&d=mm&r=g","caption":"Zappy"},"sameAs":["zappy"],"url":"https:\/\/www.zappyrent.com\/it\/author\/simone\/"}]}},"modified_by":"Zappy","uagb_featured_image_src":{"full":["https:\/\/www.zappyrent.com\/wp\/app\/uploads\/2021\/08\/imu-prima-casa-non-residente-1.jpg",1280,972,false],"thumbnail":["https:\/\/www.zappyrent.com\/wp\/app\/uploads\/2021\/08\/imu-prima-casa-non-residente-1-150x150.jpg",150,150,true],"medium":["https:\/\/www.zappyrent.com\/wp\/app\/uploads\/2021\/08\/imu-prima-casa-non-residente-1-600x456.jpg",600,456,true],"medium_large":["https:\/\/www.zappyrent.com\/wp\/app\/uploads\/2021\/08\/imu-prima-casa-non-residente-1-768x583.jpg",640,486,true],"large":["https:\/\/www.zappyrent.com\/wp\/app\/uploads\/2021\/08\/imu-prima-casa-non-residente-1-1200x911.jpg",640,486,true],"1536x1536":["https:\/\/www.zappyrent.com\/wp\/app\/uploads\/2021\/08\/imu-prima-casa-non-residente-1.jpg",1280,972,false],"2048x2048":["https:\/\/www.zappyrent.com\/wp\/app\/uploads\/2021\/08\/imu-prima-casa-non-residente-1.jpg",1280,972,false],"pgmb-post-image":["https:\/\/www.zappyrent.com\/wp\/app\/uploads\/2021\/08\/imu-prima-casa-non-residente-1-1185x900.jpg",1185,900,true],"prefer-thumbnail-size":["https:\/\/www.zappyrent.com\/wp\/app\/uploads\/2021\/08\/imu-prima-casa-non-residente-1-800x800.jpg",800,800,true],"prefer-related-size":["https:\/\/www.zappyrent.com\/wp\/app\/uploads\/2021\/08\/imu-prima-casa-non-residente-1-600x400.jpg",600,400,true],"prefer-promo-post":["https:\/\/www.zappyrent.com\/wp\/app\/uploads\/2021\/08\/imu-prima-casa-non-residente-1-800x500.jpg",800,500,true],"prefer-related-post-thumbnails":["https:\/\/www.zappyrent.com\/wp\/app\/uploads\/2021\/08\/imu-prima-casa-non-residente-1-850x550.jpg",850,550,true],"mailpoet_newsletter_max":["https:\/\/www.zappyrent.com\/wp\/app\/uploads\/2021\/08\/imu-prima-casa-non-residente-1.jpg",1280,972,false],"web-stories-poster-portrait":["https:\/\/www.zappyrent.com\/wp\/app\/uploads\/2021\/08\/imu-prima-casa-non-residente-1-640x853.jpg",640,853,true],"web-stories-publisher-logo":["https:\/\/www.zappyrent.com\/wp\/app\/uploads\/2021\/08\/imu-prima-casa-non-residente-1-96x96.jpg",96,96,true],"web-stories-thumbnail":["https:\/\/www.zappyrent.com\/wp\/app\/uploads\/2021\/08\/imu-prima-casa-non-residente-1-150x114.jpg",150,114,true]},"uagb_author_info":{"display_name":"Zappy","author_link":"https:\/\/www.zappyrent.com\/it\/author\/simone\/"},"uagb_comment_info":0,"uagb_excerpt":"Una questione che pone spesso e volentieri diversi interrogativi quando si tratta di imposte \u00e8","_links":{"self":[{"href":"https:\/\/www.zappyrent.com\/it\/wp-json\/wp\/v2\/posts\/2005"}],"collection":[{"href":"https:\/\/www.zappyrent.com\/it\/wp-json\/wp\/v2\/posts"}],"about":[{"href":"https:\/\/www.zappyrent.com\/it\/wp-json\/wp\/v2\/types\/post"}],"author":[{"embeddable":true,"href":"https:\/\/www.zappyrent.com\/it\/wp-json\/wp\/v2\/users\/3"}],"replies":[{"embeddable":true,"href":"https:\/\/www.zappyrent.com\/it\/wp-json\/wp\/v2\/comments?post=2005"}],"version-history":[{"count":2,"href":"https:\/\/www.zappyrent.com\/it\/wp-json\/wp\/v2\/posts\/2005\/revisions"}],"predecessor-version":[{"id":2471,"href":"https:\/\/www.zappyrent.com\/it\/wp-json\/wp\/v2\/posts\/2005\/revisions\/2471"}],"wp:featuredmedia":[{"embeddable":true,"href":"https:\/\/www.zappyrent.com\/it\/wp-json\/wp\/v2\/media\/2008"}],"wp:attachment":[{"href":"https:\/\/www.zappyrent.com\/it\/wp-json\/wp\/v2\/media?parent=2005"}],"wp:term":[{"taxonomy":"category","embeddable":true,"href":"https:\/\/www.zappyrent.com\/it\/wp-json\/wp\/v2\/categories?post=2005"},{"taxonomy":"post_tag","embeddable":true,"href":"https:\/\/www.zappyrent.com\/it\/wp-json\/wp\/v2\/tags?post=2005"}],"curies":[{"name":"wp","href":"https:\/\/api.w.org\/{rel}","templated":true}]}}