{"id":1116,"date":"2021-03-26T08:00:00","date_gmt":"2021-03-26T08:00:00","guid":{"rendered":"https:\/\/www.zappyrent.com\/?p=1116"},"modified":"2025-07-01T15:45:16","modified_gmt":"2025-07-01T13:45:16","slug":"come-si-calcola-il-canone-concordato-ecco-un-esempio","status":"publish","type":"post","link":"https:\/\/www.zappyrent.com\/it\/blog\/come-si-calcola-il-canone-concordato-ecco-un-esempio\/","title":{"rendered":"Come si calcola il canone concordato? Ecco un esempio"},"content":{"rendered":"\n<p><span style=\"font-weight: 400;\">Ci sono molti proprietari di immobili che come te vogliono <\/span><b>calcolare in maniera precisa l\u2019importo del canone concordato<\/b><span style=\"font-weight: 400;\"> rispetto al canone libero per fare un confronto oggettivo e valutare quale sia pi\u00f9 conveniente.<\/span><\/p>\n\n\n\n<p><span style=\"font-weight: 400;\">Prima di procedere con un esempio concreto di calcolo del canone concordato, <\/span><b>cerchiamo di capire quali sono gli elementi che incidono sul calcolo, dove trovarli e come utilizzarli<\/b><span style=\"font-weight: 400;\">.<\/span><\/p>\n\n\n\n<p><span style=\"font-weight: 400;\">Una volta che ne avrai compreso tutte le caratteristiche, <\/span><a href=\"https:\/\/www.zappyrent.com\/it\/pubblica-annuncio-gratis\"><b>metti in affitto la tua casa<\/b><\/a><span style=\"font-weight: 400;\"> su Zappyrent! Ti consiglieremo la tipologia di contratto che pi\u00f9 si adatta alle tue esigenze e che ti permetter\u00e0 di avere la rendita migliore!<\/span><\/p>\n\n\n\n<p><\/p>\n\n\n\n<p><span style=\"color: inherit; font-family: 'Josefin Sans'; font-size: 1.95em; font-weight: 600;\">Il calcolo della superficie utile<\/span><\/p>\n\n\n\n<p><strong>Il primo dato importante da prendere in considerazione per calcolare l&#8217;importo del canone concordato riguarda la<\/strong> <b>superficie utile<\/b>. Bisogna ricordare che per questa valutazione e per tanti aspetti del canone concordato ci sono dei regolamenti intrapresi sia a livello regionale sia comunale per favorire gli affitti per determinate categorie a condizioni agevolate.<\/p>\n\n\n\n<h3 class=\"wp-block-heading\">1. Superficie calpestabile<\/h3>\n\n\n\n<p><strong>Il calcolo della superficie utile deve essere effettuato tenendo in considerazione la<\/strong><b> superficie calpestabile al netto dei muri perimetrali e quelli interni<\/b>. Significa che devi calcolare i metri quadrati di ogni ambiente del tuo appartamento, come la camera da letto, la cucina, il corridoio, il soggiorno, l&#8217;eventuale studio, la camera dei ragazzi e i bagni. Rientrano in questo calcolo pure le verande chiuse che ovviamente sono state regolarmente autorizzate o sanate nel tempo.<\/p>\n\n\n\n<h3 class=\"wp-block-heading\">2. Vani accessori<\/h3>\n\n\n\n<p><strong>Per il calcolo della superficie utile bisogna prendere in considerazione anche i<\/strong> <b>vani accessori a servizio<\/b> come cantine, soffitte e quant&#8217;altro. Il regolamento prevede che queste superfici vengano calcolate al 50% qualora siano comunicanti con i vani indicati in precedenza. Se invece non sono comunicanti, come nel caso della cantina che si trova in un altro piano, bisogna calcolare il 25%. Ad esempio, se la cantina \u00e8 di 16 metri quadrati, si sommer\u00e0 soltanto il 25% di 16 metri quadrati, 4 metri quadrati.<\/p>\n\n\n\n<h3 class=\"wp-block-heading\">3. Balconi e terrazzi<\/h3>\n\n\n\n<p><strong>Nel calcolo della superficie utile bisogna includere anche balconi e terrazzi di pertinenza esclusiva<\/strong>. Come nel caso precedente, se i balconi e le terrazze o soluzioni similari dovessero essere comunicanti con i vani interni dell&#8217;appartamento, la loro metratura va calcolata al 30% fino a un massimo di 25 metri quadrati, mentre per la quota eccedente bisogna valutare il 10%. Se balconi e terrazzi non dovessero essere comunicanti con i vani dell&#8217;appartamento, il calcolo va fatto sul 15% fino a 25 metri quadrati e quindi il 5% per la quota eccedente.<\/p>\n\n\n\n<h3 class=\"wp-block-heading\">4. Le aree scoperte<\/h3>\n\n\n\n<p>Inoltre, <strong>tutta la superficie dell&#8217;area scoperta o a questa assimilabile che comunque costituisce pertinenza esclusiva della singola unit\u00e0 immobiliare, deve essere presa in considerazione nella misura del 10%<\/strong> ovviamente fino a un massimo della superficie calpestabile, al netto dei muri perimetrali e interni. La superficie che invece eccede questo limite deve essere sempre calcolata soltanto nella misura del <b>2%<\/b>.<\/p>\n\n\n\n<h2 class=\"wp-block-heading\">Le tabelle di calcolo<\/h2>\n\n\n\n<p>Oltre alla superficie calpestabile vanno considerate anche delle <strong>tabelle specifiche per valutare nel merito gli elementi e valori di riferimento, il prezzo e la zona<\/strong> dove \u00e8 ubicato l&#8217;immobile. <strong>Ogni comune mette a disposizione le tabelle<\/strong>, \u00e8 sufficiente richiederle presso gli sportelli dedicati.&nbsp;<\/p>\n\n\n\n<h3 class=\"wp-block-heading\">1. Le zone di riferimento<\/h3>\n\n\n\n<p><strong>La prima cosa da fare \u00e8 quella di controllare la zona dove si trova il tuo immobile<\/strong>. Solitamente, le zone corrispondono a pi\u00f9 quartieri accorpati in Zona A, Zona B, Zona C, ecc. L&#8217;ubicazione dell&#8217;immobile incide infatti sul calcolo del canone concordato.<\/p>\n\n\n\n<h3 class=\"wp-block-heading\">2. La tabella degli elementi e valori di riferimento<\/h3>\n\n\n\n<p><strong>Nella tabella degli elementi e valori di riferimento vengono elencati una serie di servizi che potrebbero essere presenti nella tua abitazione<\/strong>, come il garage, la cantina, la vicinanza alla linea della metropolitana, la presenza di un balcone verandato ecc. <strong>Per ogni elemento viene indicato un punteggio sull&#8217;apposita tabella<\/strong>, che dovrai sommare in base agli elementi presenti nella tua casa. <strong>Il punteggio finale ti servir\u00e0 per associare la fascia di pertinenza del tuo immobile a quanto riportato dalla tabella dei prezzi<\/strong>, quindi ad una fascia di punteggio corrisponder\u00e0 un range di prezzo a metro quadrato.<\/p>\n\n\n\n<h3 class=\"wp-block-heading\">3. La tabella sulla durata del contratto<\/h3>\n\n\n\n<p>Da sottolineare che <strong>esiste una tabella che tiene conto anche della durata del contratto<\/strong>, per cui il prezzo a metro quadrato potrebbe essere inferiore oppure superiore. Tendenzialmente, una durata maggiore impone un prezzo unitario pi\u00f9 alto, ma <strong>le oscillazioni sono molto contenute<\/strong> (si parla di poche unit\u00e0 percentuali).<\/p>\n\n\n\n<h3 class=\"wp-block-heading\">4. La tabella dei prezzi<\/h3>\n\n\n\n<p><strong>Nella tabella dei prezzi<\/strong>, infatti, <strong>sono riportati i valori per metro quadrato suddivisi in funzione della fascia di pertinenza individuata<\/strong> con il punteggio calcolato in precedenza, <strong>della zona geografica e della classe dell&#8217;immobile. <\/strong>Dovrai inoltre, considerare la superficie utile dell&#8217;immobile (ad esempio minore di 50 metri quadrati, tra 51 e 75 metri quadrati, ecc.).<\/p>\n\n\n\n<p><\/p>\n\n\n\n<h2 class=\"wp-block-heading\">Un esempio per calcolare il canone concordato<\/h2>\n\n\n\n<p><strong>L&#8217;esempio che vogliamo proporti \u00e8 quello di un immobile con superficie interna di 80 metri quadrati e con una sola cantina di 16 metri quadrati in un piano inferiore a quello dell&#8217;appartamento<\/strong>. Si trova a <b>Torino <\/b>in una delle zone pi\u00f9 centrali e non \u00e8 arredato nel momento in cui il proprietario l&#8217;ha voluto proporre in affitto.<\/p>\n\n\n\n<p><strong>1.Calcoliamo la superficie utile<\/strong>: l&#8217;appartamento \u00e8 di 80 metri quadrati al netto di muri perimetrali e interni a cui va sommato il 25% dei 16 metri quadrati della cantina, quindi 4 metri quadrati. Questo significa che complessivamente la superficie \u00e8 di<b> 84 metri quadrati<\/b>.<\/p>\n\n\n\n<p><strong>2.<\/strong> <strong>Prendiamo ora in considerazione la zona in cui l&#8217;immobile \u00e8 ubicato<\/strong>. A Torino, in virt\u00f9 di un accordo tra i sindacati, \u00e8 stato possibile dividere il territorio della citt\u00e0 in 4 macro aree: Centro, Semicentro, Periferia e Collina. Inoltre, \u00e8 stata prevista un&#8217;ulteriore area definita Zona di Pregio. Nel nostro caso si tratta della zona Centro.<\/p>\n\n\n\n<p><strong>3. Calcoliamo la sub fascia di appartenenza dell&#8217;immobile<\/strong> sommando gli elementi del nostro appartamento in riferimento alla seconda tabella a nostra disposizione. Nel nostro caso ipotizziamo un punteggio pari a 8.&nbsp;<\/p>\n\n\n\n<p><strong>4. A questo punto disponiamo di tutti gli elementi necessari<\/strong> per quantificare almeno un prezzo a metro quadrato.<\/p>\n\n\n\n<h2 class=\"wp-block-heading\">Il calcolo finale del canone concordato<\/h2>\n\n\n\n<p><\/p>\n\n\n\n<p><strong>L&#8217;ultimo passaggio per calcolare il canone concordato incide in maniera decisiva sull&#8217;importo finale<\/strong>. Il risultato potrebbe oscillare in maniera considerevole in base alla scelta tra il valore minimo e il valore massimo imposto dalla tabella dei prezzi.<\/p>\n\n\n\n<p>Nella nostra situazione, <strong>ipotizzando un contratto 3+2<\/strong>, il prezzo per metro quadrato va da un minimo di 3,70 euro fino a un massimo di 6,50. Questo significa che <strong>si pu\u00f2 chiedere un canone tra un minimo di 310,8 euro (3,7 euro x 84 metri quadrati) e un massimo di 546 euro<\/strong>.<\/p>\n\n\n\n<p>Tali valori potrebbero essere aumentati se si prevedesse una durata contrattuale superiore rispetto a quella minima di 3 anni + 2. Se la durata del contratto fosse stata 4+2, allora si andrebbe da un minimo di 319,2 euro (3,8 euro x 84 metri quadrati) a un massimo di 554 euro (6,6 euro x 84 metri quadrati). Il valore pi\u00f9 alto in assoluto \u00e8 previsto per un contratto 6+2 con una forchetta che va da 3,90 x 84 ossia 327,6 euro a 6,90 x 84 ossia 589,6 euro.&nbsp;<\/p>\n\n\n\n<p><strong>C&#8217;\u00e8 da aggiungere che i seguenti valori nella citt\u00e0 di Torino possono essere maggiorati<\/strong> fino al 20% nel caso di immobili costruiti successivamente al 1\u00b0 gennaio 1993. Inoltre, se sono stati eseguiti interventi di ristrutturazioni al massimo 10 anni prima della data in cui viene stipulato il contratto, si pu\u00f2 prevedere un ulteriore aumento al massimo del 10%.<\/p>\n\n\n\n<p>I dati indicati per calcolare l&#8217;affitto a canone concordato nel nostro esempio dell&#8217;appartamento a Torino sono da considerarsi indicativi in quanto le tabelle comunali sono aggiornate periodicamente.<\/p>\n\n\n","protected":false},"excerpt":{"rendered":"<p>Ci sono molti proprietari di immobili che come te vogliono calcolare in maniera precisa l\u2019importo<\/p>\n","protected":false},"author":1,"featured_media":9229,"comment_status":"closed","ping_status":"closed","sticky":false,"template":"","format":"standard","meta":{"_yoast_wpseo_focuskw":"","_yoast_wpseo_title":"","_yoast_wpseo_metadesc":"","_mo_disable_npp":"","_uag_custom_page_level_css":"","_lmt_disableupdate":"no","_lmt_disable":"no","_mbp_gutenberg_autopost":false,"footnotes":""},"categories":[9],"tags":[],"class_list":["post-1116","post","type-post","status-publish","format-standard","has-post-thumbnail","hentry","category-blog"],"yoast_head":"<!-- This site is optimized with the Yoast SEO plugin v23.4 - https:\/\/yoast.com\/wordpress\/plugins\/seo\/ -->\n<title>Come si calcola il canone concordato? Ecco un esempio<\/title>\n<meta name=\"robots\" content=\"index, follow, max-snippet:-1, max-image-preview:large, max-video-preview:-1\" \/>\n<link rel=\"canonical\" href=\"https:\/\/www.zappyrent.com\/it\/blog\/come-si-calcola-il-canone-concordato-ecco-un-esempio\/\" \/>\n<meta property=\"og:locale\" content=\"it_IT\" \/>\n<meta property=\"og:type\" content=\"article\" \/>\n<meta property=\"og:title\" content=\"Come si calcola il canone concordato? Ecco un esempio\" \/>\n<meta property=\"og:description\" content=\"Ci sono molti proprietari di immobili che come te vogliono calcolare in maniera precisa l\u2019importo\" \/>\n<meta property=\"og:url\" content=\"https:\/\/www.zappyrent.com\/it\/blog\/come-si-calcola-il-canone-concordato-ecco-un-esempio\/\" \/>\n<meta property=\"article:publisher\" content=\"https:\/\/www.facebook.com\/Zappyrent\/\" \/>\n<meta property=\"article:published_time\" content=\"2021-03-26T08:00:00+00:00\" \/>\n<meta property=\"article:modified_time\" content=\"2025-07-01T13:45:16+00:00\" \/>\n<meta property=\"og:image\" content=\"https:\/\/www.zappyrent.com\/wp\/app\/uploads\/2025\/05\/agevolazioni-fiscali-2025-scopri-vantaggi-e-opportunit-.png\" \/>\n\t<meta property=\"og:image:width\" content=\"1024\" \/>\n\t<meta property=\"og:image:height\" content=\"1024\" \/>\n\t<meta property=\"og:image:type\" content=\"image\/png\" \/>\n<meta name=\"author\" content=\"zappy\" \/>\n<meta name=\"twitter:card\" content=\"summary_large_image\" \/>\n<meta name=\"twitter:label1\" content=\"Written by\" \/>\n\t<meta name=\"twitter:data1\" content=\"zappy\" \/>\n\t<meta name=\"twitter:label2\" content=\"Est. reading time\" \/>\n\t<meta name=\"twitter:data2\" content=\"6 minuti\" \/>\n<script type=\"application\/ld+json\" class=\"yoast-schema-graph\">{\"@context\":\"https:\/\/schema.org\",\"@graph\":[{\"@type\":\"Article\",\"@id\":\"https:\/\/www.zappyrent.com\/it\/blog\/come-si-calcola-il-canone-concordato-ecco-un-esempio\/#article\",\"isPartOf\":{\"@id\":\"https:\/\/www.zappyrent.com\/it\/blog\/come-si-calcola-il-canone-concordato-ecco-un-esempio\/\"},\"author\":{\"name\":\"zappy\",\"@id\":\"https:\/\/www.zappyrent.com\/it\/#\/schema\/person\/ef9b4a6820a221db6f7bc0e93478badb\"},\"headline\":\"Come si calcola il canone concordato? Ecco un esempio\",\"datePublished\":\"2021-03-26T08:00:00+00:00\",\"dateModified\":\"2025-07-01T13:45:16+00:00\",\"mainEntityOfPage\":{\"@id\":\"https:\/\/www.zappyrent.com\/it\/blog\/come-si-calcola-il-canone-concordato-ecco-un-esempio\/\"},\"wordCount\":1202,\"publisher\":{\"@id\":\"https:\/\/www.zappyrent.com\/it\/#organization\"},\"image\":{\"@id\":\"https:\/\/www.zappyrent.com\/it\/blog\/come-si-calcola-il-canone-concordato-ecco-un-esempio\/#primaryimage\"},\"thumbnailUrl\":\"https:\/\/www.zappyrent.com\/wp\/app\/uploads\/2025\/05\/agevolazioni-fiscali-2025-scopri-vantaggi-e-opportunit-.png\",\"articleSection\":[\"Blog\"],\"inLanguage\":\"it-IT\"},{\"@type\":\"WebPage\",\"@id\":\"https:\/\/www.zappyrent.com\/it\/blog\/come-si-calcola-il-canone-concordato-ecco-un-esempio\/\",\"url\":\"https:\/\/www.zappyrent.com\/it\/blog\/come-si-calcola-il-canone-concordato-ecco-un-esempio\/\",\"name\":\"Come si calcola il canone concordato? Ecco un esempio\",\"isPartOf\":{\"@id\":\"https:\/\/www.zappyrent.com\/it\/#website\"},\"primaryImageOfPage\":{\"@id\":\"https:\/\/www.zappyrent.com\/it\/blog\/come-si-calcola-il-canone-concordato-ecco-un-esempio\/#primaryimage\"},\"image\":{\"@id\":\"https:\/\/www.zappyrent.com\/it\/blog\/come-si-calcola-il-canone-concordato-ecco-un-esempio\/#primaryimage\"},\"thumbnailUrl\":\"https:\/\/www.zappyrent.com\/wp\/app\/uploads\/2025\/05\/agevolazioni-fiscali-2025-scopri-vantaggi-e-opportunit-.png\",\"datePublished\":\"2021-03-26T08:00:00+00:00\",\"dateModified\":\"2025-07-01T13:45:16+00:00\",\"breadcrumb\":{\"@id\":\"https:\/\/www.zappyrent.com\/it\/blog\/come-si-calcola-il-canone-concordato-ecco-un-esempio\/#breadcrumb\"},\"inLanguage\":\"it-IT\",\"potentialAction\":[{\"@type\":\"ReadAction\",\"target\":[\"https:\/\/www.zappyrent.com\/it\/blog\/come-si-calcola-il-canone-concordato-ecco-un-esempio\/\"]}]},{\"@type\":\"ImageObject\",\"inLanguage\":\"it-IT\",\"@id\":\"https:\/\/www.zappyrent.com\/it\/blog\/come-si-calcola-il-canone-concordato-ecco-un-esempio\/#primaryimage\",\"url\":\"https:\/\/www.zappyrent.com\/wp\/app\/uploads\/2025\/05\/agevolazioni-fiscali-2025-scopri-vantaggi-e-opportunit-.png\",\"contentUrl\":\"https:\/\/www.zappyrent.com\/wp\/app\/uploads\/2025\/05\/agevolazioni-fiscali-2025-scopri-vantaggi-e-opportunit-.png\",\"width\":1024,\"height\":1024},{\"@type\":\"BreadcrumbList\",\"@id\":\"https:\/\/www.zappyrent.com\/it\/blog\/come-si-calcola-il-canone-concordato-ecco-un-esempio\/#breadcrumb\",\"itemListElement\":[{\"@type\":\"ListItem\",\"position\":1,\"name\":\"Home\",\"item\":\"https:\/\/www.zappyrent.com\/it\/\"},{\"@type\":\"ListItem\",\"position\":2,\"name\":\"Come si calcola il canone concordato? Ecco un esempio\"}]},{\"@type\":\"WebSite\",\"@id\":\"https:\/\/www.zappyrent.com\/it\/#website\",\"url\":\"https:\/\/www.zappyrent.com\/it\/\",\"name\":\"https:\/\/www.zappyrent.com\/it\/blog\/\",\"description\":\"\",\"publisher\":{\"@id\":\"https:\/\/www.zappyrent.com\/it\/#organization\"},\"potentialAction\":[{\"@type\":\"SearchAction\",\"target\":{\"@type\":\"EntryPoint\",\"urlTemplate\":\"https:\/\/www.zappyrent.com\/it\/?s={search_term_string}\"},\"query-input\":{\"@type\":\"PropertyValueSpecification\",\"valueRequired\":true,\"valueName\":\"search_term_string\"}}],\"inLanguage\":\"it-IT\"},{\"@type\":\"Organization\",\"@id\":\"https:\/\/www.zappyrent.com\/it\/#organization\",\"name\":\"Zappyrent\",\"url\":\"https:\/\/www.zappyrent.com\/it\/\",\"logo\":{\"@type\":\"ImageObject\",\"inLanguage\":\"it-IT\",\"@id\":\"https:\/\/www.zappyrent.com\/it\/#\/schema\/logo\/image\/\",\"url\":\"https:\/\/www.zappyrent.com\/wp\/app\/uploads\/2024\/05\/cropped-ZAPPYRENT-IL-BLOG-1.png\",\"contentUrl\":\"https:\/\/www.zappyrent.com\/wp\/app\/uploads\/2024\/05\/cropped-ZAPPYRENT-IL-BLOG-1.png\",\"width\":2808,\"height\":1022,\"caption\":\"Zappyrent\"},\"image\":{\"@id\":\"https:\/\/www.zappyrent.com\/it\/#\/schema\/logo\/image\/\"},\"sameAs\":[\"https:\/\/www.facebook.com\/Zappyrent\/\",\"https:\/\/www.instagram.com\/zappyrent\/\"]},{\"@type\":\"Person\",\"@id\":\"https:\/\/www.zappyrent.com\/it\/#\/schema\/person\/ef9b4a6820a221db6f7bc0e93478badb\",\"name\":\"zappy\",\"image\":{\"@type\":\"ImageObject\",\"inLanguage\":\"it-IT\",\"@id\":\"https:\/\/www.zappyrent.com\/it\/#\/schema\/person\/image\/\",\"url\":\"https:\/\/secure.gravatar.com\/avatar\/b710a10272aac055f788d5319a611f01?s=96&d=mm&r=g\",\"contentUrl\":\"https:\/\/secure.gravatar.com\/avatar\/b710a10272aac055f788d5319a611f01?s=96&d=mm&r=g\",\"caption\":\"zappy\"},\"url\":\"https:\/\/www.zappyrent.com\/it\/author\/zappy\/\"}]}<\/script>\n<!-- \/ Yoast SEO plugin. -->","yoast_head_json":{"title":"Come si calcola il canone concordato? Ecco un esempio","robots":{"index":"index","follow":"follow","max-snippet":"max-snippet:-1","max-image-preview":"max-image-preview:large","max-video-preview":"max-video-preview:-1"},"canonical":"https:\/\/www.zappyrent.com\/it\/blog\/come-si-calcola-il-canone-concordato-ecco-un-esempio\/","og_locale":"it_IT","og_type":"article","og_title":"Come si calcola il canone concordato? Ecco un esempio","og_description":"Ci sono molti proprietari di immobili che come te vogliono calcolare in maniera precisa l\u2019importo","og_url":"https:\/\/www.zappyrent.com\/it\/blog\/come-si-calcola-il-canone-concordato-ecco-un-esempio\/","article_publisher":"https:\/\/www.facebook.com\/Zappyrent\/","article_published_time":"2021-03-26T08:00:00+00:00","article_modified_time":"2025-07-01T13:45:16+00:00","og_image":[{"width":1024,"height":1024,"url":"https:\/\/www.zappyrent.com\/wp\/app\/uploads\/2025\/05\/agevolazioni-fiscali-2025-scopri-vantaggi-e-opportunit-.png","type":"image\/png"}],"author":"zappy","twitter_card":"summary_large_image","twitter_misc":{"Written by":"zappy","Est. reading time":"6 minuti"},"schema":{"@context":"https:\/\/schema.org","@graph":[{"@type":"Article","@id":"https:\/\/www.zappyrent.com\/it\/blog\/come-si-calcola-il-canone-concordato-ecco-un-esempio\/#article","isPartOf":{"@id":"https:\/\/www.zappyrent.com\/it\/blog\/come-si-calcola-il-canone-concordato-ecco-un-esempio\/"},"author":{"name":"zappy","@id":"https:\/\/www.zappyrent.com\/it\/#\/schema\/person\/ef9b4a6820a221db6f7bc0e93478badb"},"headline":"Come si calcola il canone concordato? Ecco un esempio","datePublished":"2021-03-26T08:00:00+00:00","dateModified":"2025-07-01T13:45:16+00:00","mainEntityOfPage":{"@id":"https:\/\/www.zappyrent.com\/it\/blog\/come-si-calcola-il-canone-concordato-ecco-un-esempio\/"},"wordCount":1202,"publisher":{"@id":"https:\/\/www.zappyrent.com\/it\/#organization"},"image":{"@id":"https:\/\/www.zappyrent.com\/it\/blog\/come-si-calcola-il-canone-concordato-ecco-un-esempio\/#primaryimage"},"thumbnailUrl":"https:\/\/www.zappyrent.com\/wp\/app\/uploads\/2025\/05\/agevolazioni-fiscali-2025-scopri-vantaggi-e-opportunit-.png","articleSection":["Blog"],"inLanguage":"it-IT"},{"@type":"WebPage","@id":"https:\/\/www.zappyrent.com\/it\/blog\/come-si-calcola-il-canone-concordato-ecco-un-esempio\/","url":"https:\/\/www.zappyrent.com\/it\/blog\/come-si-calcola-il-canone-concordato-ecco-un-esempio\/","name":"Come si calcola il canone concordato? Ecco un esempio","isPartOf":{"@id":"https:\/\/www.zappyrent.com\/it\/#website"},"primaryImageOfPage":{"@id":"https:\/\/www.zappyrent.com\/it\/blog\/come-si-calcola-il-canone-concordato-ecco-un-esempio\/#primaryimage"},"image":{"@id":"https:\/\/www.zappyrent.com\/it\/blog\/come-si-calcola-il-canone-concordato-ecco-un-esempio\/#primaryimage"},"thumbnailUrl":"https:\/\/www.zappyrent.com\/wp\/app\/uploads\/2025\/05\/agevolazioni-fiscali-2025-scopri-vantaggi-e-opportunit-.png","datePublished":"2021-03-26T08:00:00+00:00","dateModified":"2025-07-01T13:45:16+00:00","breadcrumb":{"@id":"https:\/\/www.zappyrent.com\/it\/blog\/come-si-calcola-il-canone-concordato-ecco-un-esempio\/#breadcrumb"},"inLanguage":"it-IT","potentialAction":[{"@type":"ReadAction","target":["https:\/\/www.zappyrent.com\/it\/blog\/come-si-calcola-il-canone-concordato-ecco-un-esempio\/"]}]},{"@type":"ImageObject","inLanguage":"it-IT","@id":"https:\/\/www.zappyrent.com\/it\/blog\/come-si-calcola-il-canone-concordato-ecco-un-esempio\/#primaryimage","url":"https:\/\/www.zappyrent.com\/wp\/app\/uploads\/2025\/05\/agevolazioni-fiscali-2025-scopri-vantaggi-e-opportunit-.png","contentUrl":"https:\/\/www.zappyrent.com\/wp\/app\/uploads\/2025\/05\/agevolazioni-fiscali-2025-scopri-vantaggi-e-opportunit-.png","width":1024,"height":1024},{"@type":"BreadcrumbList","@id":"https:\/\/www.zappyrent.com\/it\/blog\/come-si-calcola-il-canone-concordato-ecco-un-esempio\/#breadcrumb","itemListElement":[{"@type":"ListItem","position":1,"name":"Home","item":"https:\/\/www.zappyrent.com\/it\/"},{"@type":"ListItem","position":2,"name":"Come si calcola il canone concordato? Ecco un esempio"}]},{"@type":"WebSite","@id":"https:\/\/www.zappyrent.com\/it\/#website","url":"https:\/\/www.zappyrent.com\/it\/","name":"https:\/\/www.zappyrent.com\/it\/blog\/","description":"","publisher":{"@id":"https:\/\/www.zappyrent.com\/it\/#organization"},"potentialAction":[{"@type":"SearchAction","target":{"@type":"EntryPoint","urlTemplate":"https:\/\/www.zappyrent.com\/it\/?s={search_term_string}"},"query-input":{"@type":"PropertyValueSpecification","valueRequired":true,"valueName":"search_term_string"}}],"inLanguage":"it-IT"},{"@type":"Organization","@id":"https:\/\/www.zappyrent.com\/it\/#organization","name":"Zappyrent","url":"https:\/\/www.zappyrent.com\/it\/","logo":{"@type":"ImageObject","inLanguage":"it-IT","@id":"https:\/\/www.zappyrent.com\/it\/#\/schema\/logo\/image\/","url":"https:\/\/www.zappyrent.com\/wp\/app\/uploads\/2024\/05\/cropped-ZAPPYRENT-IL-BLOG-1.png","contentUrl":"https:\/\/www.zappyrent.com\/wp\/app\/uploads\/2024\/05\/cropped-ZAPPYRENT-IL-BLOG-1.png","width":2808,"height":1022,"caption":"Zappyrent"},"image":{"@id":"https:\/\/www.zappyrent.com\/it\/#\/schema\/logo\/image\/"},"sameAs":["https:\/\/www.facebook.com\/Zappyrent\/","https:\/\/www.instagram.com\/zappyrent\/"]},{"@type":"Person","@id":"https:\/\/www.zappyrent.com\/it\/#\/schema\/person\/ef9b4a6820a221db6f7bc0e93478badb","name":"zappy","image":{"@type":"ImageObject","inLanguage":"it-IT","@id":"https:\/\/www.zappyrent.com\/it\/#\/schema\/person\/image\/","url":"https:\/\/secure.gravatar.com\/avatar\/b710a10272aac055f788d5319a611f01?s=96&d=mm&r=g","contentUrl":"https:\/\/secure.gravatar.com\/avatar\/b710a10272aac055f788d5319a611f01?s=96&d=mm&r=g","caption":"zappy"},"url":"https:\/\/www.zappyrent.com\/it\/author\/zappy\/"}]}},"modified_by":"zappy","uagb_featured_image_src":{"full":["https:\/\/www.zappyrent.com\/wp\/app\/uploads\/2025\/05\/agevolazioni-fiscali-2025-scopri-vantaggi-e-opportunit-.png",1024,1024,false],"thumbnail":["https:\/\/www.zappyrent.com\/wp\/app\/uploads\/2025\/05\/agevolazioni-fiscali-2025-scopri-vantaggi-e-opportunit--150x150.png",150,150,true],"medium":["https:\/\/www.zappyrent.com\/wp\/app\/uploads\/2025\/05\/agevolazioni-fiscali-2025-scopri-vantaggi-e-opportunit--600x600.png",600,600,true],"medium_large":["https:\/\/www.zappyrent.com\/wp\/app\/uploads\/2025\/05\/agevolazioni-fiscali-2025-scopri-vantaggi-e-opportunit--768x768.png",640,640,true],"large":["https:\/\/www.zappyrent.com\/wp\/app\/uploads\/2025\/05\/agevolazioni-fiscali-2025-scopri-vantaggi-e-opportunit-.png",640,640,false],"1536x1536":["https:\/\/www.zappyrent.com\/wp\/app\/uploads\/2025\/05\/agevolazioni-fiscali-2025-scopri-vantaggi-e-opportunit-.png",1024,1024,false],"2048x2048":["https:\/\/www.zappyrent.com\/wp\/app\/uploads\/2025\/05\/agevolazioni-fiscali-2025-scopri-vantaggi-e-opportunit-.png",1024,1024,false],"pgmb-post-image":["https:\/\/www.zappyrent.com\/wp\/app\/uploads\/2025\/05\/agevolazioni-fiscali-2025-scopri-vantaggi-e-opportunit--1024x900.png",1024,900,true],"prefer-thumbnail-size":["https:\/\/www.zappyrent.com\/wp\/app\/uploads\/2025\/05\/agevolazioni-fiscali-2025-scopri-vantaggi-e-opportunit--800x800.png",800,800,true],"prefer-related-size":["https:\/\/www.zappyrent.com\/wp\/app\/uploads\/2025\/05\/agevolazioni-fiscali-2025-scopri-vantaggi-e-opportunit--600x400.png",600,400,true],"prefer-promo-post":["https:\/\/www.zappyrent.com\/wp\/app\/uploads\/2025\/05\/agevolazioni-fiscali-2025-scopri-vantaggi-e-opportunit--800x500.png",800,500,true],"prefer-related-post-thumbnails":["https:\/\/www.zappyrent.com\/wp\/app\/uploads\/2025\/05\/agevolazioni-fiscali-2025-scopri-vantaggi-e-opportunit--850x550.png",850,550,true],"mailpoet_newsletter_max":["https:\/\/www.zappyrent.com\/wp\/app\/uploads\/2025\/05\/agevolazioni-fiscali-2025-scopri-vantaggi-e-opportunit-.png",1024,1024,false],"web-stories-poster-portrait":["https:\/\/www.zappyrent.com\/wp\/app\/uploads\/2025\/05\/agevolazioni-fiscali-2025-scopri-vantaggi-e-opportunit--640x853.png",640,853,true],"web-stories-publisher-logo":["https:\/\/www.zappyrent.com\/wp\/app\/uploads\/2025\/05\/agevolazioni-fiscali-2025-scopri-vantaggi-e-opportunit--96x96.png",96,96,true],"web-stories-thumbnail":["https:\/\/www.zappyrent.com\/wp\/app\/uploads\/2025\/05\/agevolazioni-fiscali-2025-scopri-vantaggi-e-opportunit--150x150.png",150,150,true]},"uagb_author_info":{"display_name":"zappy","author_link":"https:\/\/www.zappyrent.com\/it\/author\/zappy\/"},"uagb_comment_info":0,"uagb_excerpt":"Ci sono molti proprietari di immobili che come te vogliono calcolare in maniera precisa l\u2019importo","_links":{"self":[{"href":"https:\/\/www.zappyrent.com\/it\/wp-json\/wp\/v2\/posts\/1116"}],"collection":[{"href":"https:\/\/www.zappyrent.com\/it\/wp-json\/wp\/v2\/posts"}],"about":[{"href":"https:\/\/www.zappyrent.com\/it\/wp-json\/wp\/v2\/types\/post"}],"author":[{"embeddable":true,"href":"https:\/\/www.zappyrent.com\/it\/wp-json\/wp\/v2\/users\/1"}],"replies":[{"embeddable":true,"href":"https:\/\/www.zappyrent.com\/it\/wp-json\/wp\/v2\/comments?post=1116"}],"version-history":[{"count":16,"href":"https:\/\/www.zappyrent.com\/it\/wp-json\/wp\/v2\/posts\/1116\/revisions"}],"predecessor-version":[{"id":9486,"href":"https:\/\/www.zappyrent.com\/it\/wp-json\/wp\/v2\/posts\/1116\/revisions\/9486"}],"wp:featuredmedia":[{"embeddable":true,"href":"https:\/\/www.zappyrent.com\/it\/wp-json\/wp\/v2\/media\/9229"}],"wp:attachment":[{"href":"https:\/\/www.zappyrent.com\/it\/wp-json\/wp\/v2\/media?parent=1116"}],"wp:term":[{"taxonomy":"category","embeddable":true,"href":"https:\/\/www.zappyrent.com\/it\/wp-json\/wp\/v2\/categories?post=1116"},{"taxonomy":"post_tag","embeddable":true,"href":"https:\/\/www.zappyrent.com\/it\/wp-json\/wp\/v2\/tags?post=1116"}],"curies":[{"name":"wp","href":"https:\/\/api.w.org\/{rel}","templated":true}]}}